{"id":1525,"date":"2019-10-01T10:16:32","date_gmt":"2019-10-01T08:16:32","guid":{"rendered":"http:\/\/www2.museodiocesanovicenza.it\/it\/?p=1525"},"modified":"2019-10-01T10:16:51","modified_gmt":"2019-10-01T08:16:51","slug":"junio-chef-academy","status":"publish","type":"post","link":"http:\/\/www2.museodiocesanovicenza.it\/it\/2019\/10\/01\/junio-chef-academy\/","title":{"rendered":"Junior chef Academy"},"content":{"rendered":"<div class=\"three-columns-two\"><\/div>\n<p>Sabato e domenica la citt\u00e0, grazie a Il Mondo di Bu, si \u00e8 aprir\u00e0 alle famiglie accogliendo centinatia di bambini, ragazzi, genitori e nonni guidandoli nei pi\u00f9 bei palazzi a scoprire il mondo del gusto e dell&#8217;arte.<\/p>\n<p><!--more--><\/p>\n<p><span class=\"text_exposed_show\">Siamo orgogliosi di far parte di questo grande e nuovo progetto aprendo le collezioni di arte etiope e america latina, facendo degustare dell&#8217;ottimo caff\u00e8 e del cioccolato guidati da Olde biscotti in un laboratorio super buono!<br \/>\nSiete pronti per questo fantastico viaggio insieme?<br \/>\n<\/span><\/p>\n<p>&nbsp;<\/p>\n<p><img loading=\"lazy\" class=\"alignnone size-full wp-image-1526\" src=\"http:\/\/www2.museodiocesanovicenza.it\/it\/wp-content\/uploads\/2019\/10\/70534462_2329500710438720_6868436194238136320_n.jpg\" alt=\"\" width=\"720\" height=\"960\" srcset=\"http:\/\/www2.museodiocesanovicenza.it\/it\/wp-content\/uploads\/2019\/10\/70534462_2329500710438720_6868436194238136320_n.jpg 720w, http:\/\/www2.museodiocesanovicenza.it\/it\/wp-content\/uploads\/2019\/10\/70534462_2329500710438720_6868436194238136320_n-225x300.jpg 225w\" sizes=\"(max-width: 720px) 100vw, 720px\" \/><\/p>\n<p>&nbsp;<\/p>\n","protected":false},"excerpt":{"rendered":"<p>Sabato e domenica la citt\u00e0, grazie a Il Mondo di Bu, si \u00e8 aprir\u00e0 alle famiglie accogliendo centinatia di bambini, ragazzi, genitori e nonni guidandoli nei pi\u00f9 bei palazzi a scoprire il mondo del gusto e dell&#8217;arte.<\/p>\n<a class=\"more-link\" href=\"http:\/\/www2.museodiocesanovicenza.it\/it\/2019\/10\/01\/junio-chef-academy\/\">Leggi tutto<\/a>","protected":false},"author":4,"featured_media":0,"comment_status":"closed","ping_status":"open","sticky":false,"template":"","format":"standard","meta":{"extendify_custom_stylesheet":"","spay_email":"","jetpack_publicize_message":"","jetpack_is_tweetstorm":false,"jetpack_publicize_feature_enabled":true},"categories":[1],"tags":[],"jetpack_featured_media_url":"","jetpack_publicize_connections":[],"jetpack_sharing_enabled":true,"jetpack_shortlink":"https:\/\/wp.me\/p7CokG-oB","_links":{"self":[{"href":"http:\/\/www2.museodiocesanovicenza.it\/it\/wp-json\/wp\/v2\/posts\/1525"}],"collection":[{"href":"http:\/\/www2.museodiocesanovicenza.it\/it\/wp-json\/wp\/v2\/posts"}],"about":[{"href":"http:\/\/www2.museodiocesanovicenza.it\/it\/wp-json\/wp\/v2\/types\/post"}],"author":[{"embeddable":true,"href":"http:\/\/www2.museodiocesanovicenza.it\/it\/wp-json\/wp\/v2\/users\/4"}],"replies":[{"embeddable":true,"href":"http:\/\/www2.museodiocesanovicenza.it\/it\/wp-json\/wp\/v2\/comments?post=1525"}],"version-history":[{"count":2,"href":"http:\/\/www2.museodiocesanovicenza.it\/it\/wp-json\/wp\/v2\/posts\/1525\/revisions"}],"predecessor-version":[{"id":1528,"href":"http:\/\/www2.museodiocesanovicenza.it\/it\/wp-json\/wp\/v2\/posts\/1525\/revisions\/1528"}],"wp:attachment":[{"href":"http:\/\/www2.museodiocesanovicenza.it\/it\/wp-json\/wp\/v2\/media?parent=1525"}],"wp:term":[{"taxonomy":"category","embeddable":true,"href":"http:\/\/www2.museodiocesanovicenza.it\/it\/wp-json\/wp\/v2\/categories?post=1525"},{"taxonomy":"post_tag","embeddable":true,"href":"http:\/\/www2.museodiocesanovicenza.it\/it\/wp-json\/wp\/v2\/tags?post=1525"}],"curies":[{"name":"wp","href":"https:\/\/api.w.org\/{rel}","templated":true}]}}