{"id":1663,"date":"2020-07-02T15:00:50","date_gmt":"2020-07-02T13:00:50","guid":{"rendered":"http:\/\/www2.museodiocesanovicenza.it\/it\/?p=1663"},"modified":"2020-07-02T15:00:50","modified_gmt":"2020-07-02T13:00:50","slug":"apertura-museo-diocesano","status":"publish","type":"post","link":"http:\/\/www2.museodiocesanovicenza.it\/it\/2020\/07\/02\/apertura-museo-diocesano\/","title":{"rendered":"Apertura Museo Diocesano"},"content":{"rendered":"<div class=\"three-columns-two\"><\/div>\n<p>Da gioved\u00ec 2 luglio il Museo Diocesano sar\u00e0 aperto con nuovi orari.<\/p>\n<p><!--more--><\/p>\n<p>Si potr\u00e0 accedere al Museo nelle giornate di gioved\u00ec, venerd\u00ec, sabato e domenica dalle ore 14 alle 18.<\/p>\n<p>Per gruppi o visite specifiche contattate la Segreteria del Museo per eventuali aperture programmate fuori orario.<\/p>\n<p>L&#8217;accesso al Museo avver\u00e0 sempre secondo normative anti-contagio da Corona Virus.<\/p>\n<p>&nbsp;<\/p>\n<p><img loading=\"lazy\" class=\"alignnone size-full wp-image-1642\" src=\"http:\/\/www2.museodiocesanovicenza.it\/it\/wp-content\/uploads\/2020\/05\/MUS1339-scaled.jpg\" alt=\"\" width=\"1425\" height=\"1900\" srcset=\"http:\/\/www2.museodiocesanovicenza.it\/it\/wp-content\/uploads\/2020\/05\/MUS1339-scaled.jpg 1425w, http:\/\/www2.museodiocesanovicenza.it\/it\/wp-content\/uploads\/2020\/05\/MUS1339-225x300.jpg 225w, http:\/\/www2.museodiocesanovicenza.it\/it\/wp-content\/uploads\/2020\/05\/MUS1339-768x1024.jpg 768w, http:\/\/www2.museodiocesanovicenza.it\/it\/wp-content\/uploads\/2020\/05\/MUS1339-1152x1536.jpg 1152w, http:\/\/www2.museodiocesanovicenza.it\/it\/wp-content\/uploads\/2020\/05\/MUS1339-1536x2048.jpg 1536w\" sizes=\"(max-width: 1425px) 100vw, 1425px\" \/><\/p>\n","protected":false},"excerpt":{"rendered":"<p>Da gioved\u00ec 2 luglio il Museo Diocesano sar\u00e0 aperto con nuovi orari.<\/p>\n<a class=\"more-link\" href=\"http:\/\/www2.museodiocesanovicenza.it\/it\/2020\/07\/02\/apertura-museo-diocesano\/\">Leggi tutto<\/a>","protected":false},"author":4,"featured_media":0,"comment_status":"closed","ping_status":"open","sticky":false,"template":"","format":"standard","meta":{"extendify_custom_stylesheet":"","spay_email":"","jetpack_publicize_message":"","jetpack_is_tweetstorm":false,"jetpack_publicize_feature_enabled":true},"categories":[1],"tags":[],"jetpack_featured_media_url":"","jetpack_publicize_connections":[],"jetpack_sharing_enabled":true,"jetpack_shortlink":"https:\/\/wp.me\/p7CokG-qP","_links":{"self":[{"href":"http:\/\/www2.museodiocesanovicenza.it\/it\/wp-json\/wp\/v2\/posts\/1663"}],"collection":[{"href":"http:\/\/www2.museodiocesanovicenza.it\/it\/wp-json\/wp\/v2\/posts"}],"about":[{"href":"http:\/\/www2.museodiocesanovicenza.it\/it\/wp-json\/wp\/v2\/types\/post"}],"author":[{"embeddable":true,"href":"http:\/\/www2.museodiocesanovicenza.it\/it\/wp-json\/wp\/v2\/users\/4"}],"replies":[{"embeddable":true,"href":"http:\/\/www2.museodiocesanovicenza.it\/it\/wp-json\/wp\/v2\/comments?post=1663"}],"version-history":[{"count":1,"href":"http:\/\/www2.museodiocesanovicenza.it\/it\/wp-json\/wp\/v2\/posts\/1663\/revisions"}],"predecessor-version":[{"id":1664,"href":"http:\/\/www2.museodiocesanovicenza.it\/it\/wp-json\/wp\/v2\/posts\/1663\/revisions\/1664"}],"wp:attachment":[{"href":"http:\/\/www2.museodiocesanovicenza.it\/it\/wp-json\/wp\/v2\/media?parent=1663"}],"wp:term":[{"taxonomy":"category","embeddable":true,"href":"http:\/\/www2.museodiocesanovicenza.it\/it\/wp-json\/wp\/v2\/categories?post=1663"},{"taxonomy":"post_tag","embeddable":true,"href":"http:\/\/www2.museodiocesanovicenza.it\/it\/wp-json\/wp\/v2\/tags?post=1663"}],"curies":[{"name":"wp","href":"https:\/\/api.w.org\/{rel}","templated":true}]}}