{"id":1675,"date":"2020-07-25T12:26:16","date_gmt":"2020-07-25T10:26:16","guid":{"rendered":"http:\/\/www2.museodiocesanovicenza.it\/it\/?p=1675"},"modified":"2020-07-25T12:33:36","modified_gmt":"2020-07-25T10:33:36","slug":"che-musica","status":"publish","type":"post","link":"http:\/\/www2.museodiocesanovicenza.it\/it\/2020\/07\/25\/che-musica\/","title":{"rendered":"Che musica!"},"content":{"rendered":"<div class=\"three-columns-two\"><\/div>\n<p>La tromba \u00e8 uno strumento antichissimo: spesso associato a guerre e tensioni, nel corso dei secoli \u00e8 diventato la voce per eccellenza delle grandi novit\u00e0.<\/p>\n<p><!--more--><\/p>\n<p dir=\"auto\">Questo \u00e8 il primo di quattro brevi video dove alcuni docenti dell&#8217;istituto musicale della Diocesi interpretano dei brani musicali di fronte alle opere esposte in Museo&#8230; un modo per sottolineare il connubio esistente tra arte e musica, due linguaggi diversi ma che tendono ambedue all&#8217;emozione e alla bellezza.<\/p>\n<p dir=\"auto\">Davide Xompero suona la tromba di fronte alle tele di Gerolamo Brusaferro creando un&#8217;unione di colori e brillantezza&#8230; data dalle sonorit\u00e0 della tromba e dall&#8217;amonioso brio della pittura veneziana del Settecento.<\/p>\n<div dir=\"auto\"><\/div>\n<div dir=\"auto\">\n<p><span class=\"embed-youtube\" style=\"text-align:center; display: block;\"><iframe loading=\"lazy\" class=\"youtube-player\" width=\"975\" height=\"549\" src=\"https:\/\/www.youtube.com\/embed\/MgLoaycwbtY?version=3&#038;rel=1&#038;showsearch=0&#038;showinfo=1&#038;iv_load_policy=1&#038;fs=1&#038;hl=it-IT&#038;autohide=2&#038;wmode=transparent\" allowfullscreen=\"true\" style=\"border:0;\" sandbox=\"allow-scripts allow-same-origin allow-popups allow-presentation\"><\/iframe><\/span><\/p>\n<\/div>\n","protected":false},"excerpt":{"rendered":"<p>La tromba \u00e8 uno strumento antichissimo: spesso associato a guerre e tensioni, nel corso dei secoli \u00e8 diventato la voce per eccellenza delle grandi novit\u00e0.<\/p>\n<a class=\"more-link\" href=\"http:\/\/www2.museodiocesanovicenza.it\/it\/2020\/07\/25\/che-musica\/\">Leggi tutto<\/a>","protected":false},"author":4,"featured_media":0,"comment_status":"closed","ping_status":"open","sticky":false,"template":"","format":"standard","meta":{"extendify_custom_stylesheet":"","spay_email":"","jetpack_publicize_message":"","jetpack_is_tweetstorm":false,"jetpack_publicize_feature_enabled":true},"categories":[1],"tags":[],"jetpack_featured_media_url":"","jetpack_publicize_connections":[],"jetpack_sharing_enabled":true,"jetpack_shortlink":"https:\/\/wp.me\/p7CokG-r1","_links":{"self":[{"href":"http:\/\/www2.museodiocesanovicenza.it\/it\/wp-json\/wp\/v2\/posts\/1675"}],"collection":[{"href":"http:\/\/www2.museodiocesanovicenza.it\/it\/wp-json\/wp\/v2\/posts"}],"about":[{"href":"http:\/\/www2.museodiocesanovicenza.it\/it\/wp-json\/wp\/v2\/types\/post"}],"author":[{"embeddable":true,"href":"http:\/\/www2.museodiocesanovicenza.it\/it\/wp-json\/wp\/v2\/users\/4"}],"replies":[{"embeddable":true,"href":"http:\/\/www2.museodiocesanovicenza.it\/it\/wp-json\/wp\/v2\/comments?post=1675"}],"version-history":[{"count":2,"href":"http:\/\/www2.museodiocesanovicenza.it\/it\/wp-json\/wp\/v2\/posts\/1675\/revisions"}],"predecessor-version":[{"id":1678,"href":"http:\/\/www2.museodiocesanovicenza.it\/it\/wp-json\/wp\/v2\/posts\/1675\/revisions\/1678"}],"wp:attachment":[{"href":"http:\/\/www2.museodiocesanovicenza.it\/it\/wp-json\/wp\/v2\/media?parent=1675"}],"wp:term":[{"taxonomy":"category","embeddable":true,"href":"http:\/\/www2.museodiocesanovicenza.it\/it\/wp-json\/wp\/v2\/categories?post=1675"},{"taxonomy":"post_tag","embeddable":true,"href":"http:\/\/www2.museodiocesanovicenza.it\/it\/wp-json\/wp\/v2\/tags?post=1675"}],"curies":[{"name":"wp","href":"https:\/\/api.w.org\/{rel}","templated":true}]}}