{"id":1685,"date":"2020-08-17T13:07:12","date_gmt":"2020-08-17T11:07:12","guid":{"rendered":"http:\/\/www2.museodiocesanovicenza.it\/it\/?p=1685"},"modified":"2020-08-17T13:07:12","modified_gmt":"2020-08-17T11:07:12","slug":"il-criptoportico-romano-di-vicenza","status":"publish","type":"post","link":"http:\/\/www2.museodiocesanovicenza.it\/it\/2020\/08\/17\/il-criptoportico-romano-di-vicenza\/","title":{"rendered":"Il Criptoportico romano di Vicenza"},"content":{"rendered":"<div class=\"three-columns-two\"><\/div>\n<p>L&#8217;avete mai visitato?<\/p>\n<p><!--more--><\/p>\n<p><span class=\"oi732d6d ik7dh3pa d2edcug0 qv66sw1b c1et5uql a8c37x1j muag1w35 ew0dbk1b jq4qci2q a3bd9o3v knj5qynh oo9gr5id hzawbc8m\" dir=\"auto\">Una galleria sotterranea che ha 2000 anni, perfettamente conservata, pertinente ad una Domus romana, un sito archeologico unico nel nord Italia.<\/span><\/p>\n<p>Da questa settimana, in occasione della chiusura del Museo Diocesano per la nuova messa a norma degli impianti, il Criptoportico romano sar\u00e0 visitabile gioved\u00ec dalle ore 10 alle 12, sabato e domenica dalle ore 14 alle 18. L&#8217;Area Archeologica della Cattedrale sar\u00e0 aperta sabato e domenica dalle ore 15,30 alle 18 con ingresso ridotto.<\/p>\n<p>Venite a vivere un tuffo nel passato&#8230;<\/p>\n<div dir=\"auto\"><\/div>\n<div dir=\"auto\">\n<p><span class=\"embed-youtube\" style=\"text-align:center; display: block;\"><iframe loading=\"lazy\" class=\"youtube-player\" width=\"975\" height=\"549\" src=\"https:\/\/www.youtube.com\/embed\/4FW36BBELS4?version=3&#038;rel=1&#038;showsearch=0&#038;showinfo=1&#038;iv_load_policy=1&#038;fs=1&#038;hl=it-IT&#038;autohide=2&#038;wmode=transparent\" allowfullscreen=\"true\" style=\"border:0;\" sandbox=\"allow-scripts allow-same-origin allow-popups allow-presentation\"><\/iframe><\/span><\/p>\n<\/div>\n","protected":false},"excerpt":{"rendered":"<p>L&#8217;avete mai visitato?<\/p>\n<a class=\"more-link\" href=\"http:\/\/www2.museodiocesanovicenza.it\/it\/2020\/08\/17\/il-criptoportico-romano-di-vicenza\/\">Leggi tutto<\/a>","protected":false},"author":4,"featured_media":0,"comment_status":"closed","ping_status":"open","sticky":false,"template":"","format":"standard","meta":{"extendify_custom_stylesheet":"","spay_email":"","jetpack_publicize_message":"","jetpack_is_tweetstorm":false,"jetpack_publicize_feature_enabled":true},"categories":[1],"tags":[],"jetpack_featured_media_url":"","jetpack_publicize_connections":[],"jetpack_sharing_enabled":true,"jetpack_shortlink":"https:\/\/wp.me\/p7CokG-rb","_links":{"self":[{"href":"http:\/\/www2.museodiocesanovicenza.it\/it\/wp-json\/wp\/v2\/posts\/1685"}],"collection":[{"href":"http:\/\/www2.museodiocesanovicenza.it\/it\/wp-json\/wp\/v2\/posts"}],"about":[{"href":"http:\/\/www2.museodiocesanovicenza.it\/it\/wp-json\/wp\/v2\/types\/post"}],"author":[{"embeddable":true,"href":"http:\/\/www2.museodiocesanovicenza.it\/it\/wp-json\/wp\/v2\/users\/4"}],"replies":[{"embeddable":true,"href":"http:\/\/www2.museodiocesanovicenza.it\/it\/wp-json\/wp\/v2\/comments?post=1685"}],"version-history":[{"count":1,"href":"http:\/\/www2.museodiocesanovicenza.it\/it\/wp-json\/wp\/v2\/posts\/1685\/revisions"}],"predecessor-version":[{"id":1686,"href":"http:\/\/www2.museodiocesanovicenza.it\/it\/wp-json\/wp\/v2\/posts\/1685\/revisions\/1686"}],"wp:attachment":[{"href":"http:\/\/www2.museodiocesanovicenza.it\/it\/wp-json\/wp\/v2\/media?parent=1685"}],"wp:term":[{"taxonomy":"category","embeddable":true,"href":"http:\/\/www2.museodiocesanovicenza.it\/it\/wp-json\/wp\/v2\/categories?post=1685"},{"taxonomy":"post_tag","embeddable":true,"href":"http:\/\/www2.museodiocesanovicenza.it\/it\/wp-json\/wp\/v2\/tags?post=1685"}],"curies":[{"name":"wp","href":"https:\/\/api.w.org\/{rel}","templated":true}]}}