{"id":1693,"date":"2020-08-25T15:05:32","date_gmt":"2020-08-25T13:05:32","guid":{"rendered":"http:\/\/www2.museodiocesanovicenza.it\/it\/?p=1693"},"modified":"2020-08-25T15:05:32","modified_gmt":"2020-08-25T13:05:32","slug":"la-madonna-della-misericordia-dei-proti-per-la-festa-dei-oto","status":"publish","type":"post","link":"http:\/\/www2.museodiocesanovicenza.it\/it\/2020\/08\/25\/la-madonna-della-misericordia-dei-proti-per-la-festa-dei-oto\/","title":{"rendered":"La Madonna della Misericordia dei Proti per la &#8220;festa dei oto&#8221;"},"content":{"rendered":"<div class=\"three-columns-two\"><\/div>\n<p><span class=\"oi732d6d ik7dh3pa d2edcug0 qv66sw1b c1et5uql a8c37x1j muag1w35 ew0dbk1b jq4qci2q a3bd9o3v knj5qynh oo9gr5id hzawbc8m\" dir=\"auto\">Per la &#8220;festa dei oto&#8221; apriamo l&#8217;Oratorio dei Proti per ammirare la tavola del 1412 con la Madonna della Misericordia.<\/span><\/p>\n<p><!--more--><\/p>\n<p>In occasione della festa della patrona, marted\u00ec 8 settembre dalle ore 10 alle 12, ci sar\u00e0 l&#8217;opportunit\u00e0 di ammirare la preziosa tavola di Battista da Vicenza conservata presso l&#8217;Oratorio dei Proti a Vicenza. Si tratta di un&#8217;opera d&#8217;arte rara che raffigura la Madonna della Misericordia mentre allarga il manto sotto al quale custodisce gli apostoli.<\/p>\n<p>L&#8217;Oratorio seicentesco, di propriet\u00e0 di IPAB di Vicenza, verr\u00e0 aperto per l&#8217;importante ricorrenza vicentina grazie alla proficua collaborazione con il Museo Diocesano che metter\u00e0 a disposizione alcune guide per la spiegazione dell&#8217;opera d&#8217;arte.<\/p>\n<p>L&#8217;ingresso \u00e8 gratuito e seguir\u00e0 le norme disposte contro il contagio da coronavirus.<\/p>\n<p>&nbsp;<\/p>\n<p><img loading=\"lazy\" class=\"alignnone size-full wp-image-1694\" src=\"http:\/\/www2.museodiocesanovicenza.it\/it\/wp-content\/uploads\/2020\/08\/unnamed.jpg\" alt=\"\" width=\"287\" height=\"411\" srcset=\"http:\/\/www2.museodiocesanovicenza.it\/it\/wp-content\/uploads\/2020\/08\/unnamed.jpg 287w, http:\/\/www2.museodiocesanovicenza.it\/it\/wp-content\/uploads\/2020\/08\/unnamed-209x300.jpg 209w\" sizes=\"(max-width: 287px) 100vw, 287px\" \/><\/p>\n","protected":false},"excerpt":{"rendered":"<p>Per la &#8220;festa dei oto&#8221; apriamo l&#8217;Oratorio dei Proti per ammirare la tavola del 1412 con la Madonna della Misericordia.<\/p>\n<a class=\"more-link\" href=\"http:\/\/www2.museodiocesanovicenza.it\/it\/2020\/08\/25\/la-madonna-della-misericordia-dei-proti-per-la-festa-dei-oto\/\">Leggi tutto<\/a>","protected":false},"author":4,"featured_media":0,"comment_status":"closed","ping_status":"open","sticky":false,"template":"","format":"standard","meta":{"extendify_custom_stylesheet":"","spay_email":"","jetpack_publicize_message":"","jetpack_is_tweetstorm":false,"jetpack_publicize_feature_enabled":true},"categories":[1],"tags":[],"jetpack_featured_media_url":"","jetpack_publicize_connections":[],"jetpack_sharing_enabled":true,"jetpack_shortlink":"https:\/\/wp.me\/p7CokG-rj","_links":{"self":[{"href":"http:\/\/www2.museodiocesanovicenza.it\/it\/wp-json\/wp\/v2\/posts\/1693"}],"collection":[{"href":"http:\/\/www2.museodiocesanovicenza.it\/it\/wp-json\/wp\/v2\/posts"}],"about":[{"href":"http:\/\/www2.museodiocesanovicenza.it\/it\/wp-json\/wp\/v2\/types\/post"}],"author":[{"embeddable":true,"href":"http:\/\/www2.museodiocesanovicenza.it\/it\/wp-json\/wp\/v2\/users\/4"}],"replies":[{"embeddable":true,"href":"http:\/\/www2.museodiocesanovicenza.it\/it\/wp-json\/wp\/v2\/comments?post=1693"}],"version-history":[{"count":1,"href":"http:\/\/www2.museodiocesanovicenza.it\/it\/wp-json\/wp\/v2\/posts\/1693\/revisions"}],"predecessor-version":[{"id":1695,"href":"http:\/\/www2.museodiocesanovicenza.it\/it\/wp-json\/wp\/v2\/posts\/1693\/revisions\/1695"}],"wp:attachment":[{"href":"http:\/\/www2.museodiocesanovicenza.it\/it\/wp-json\/wp\/v2\/media?parent=1693"}],"wp:term":[{"taxonomy":"category","embeddable":true,"href":"http:\/\/www2.museodiocesanovicenza.it\/it\/wp-json\/wp\/v2\/categories?post=1693"},{"taxonomy":"post_tag","embeddable":true,"href":"http:\/\/www2.museodiocesanovicenza.it\/it\/wp-json\/wp\/v2\/tags?post=1693"}],"curies":[{"name":"wp","href":"https:\/\/api.w.org\/{rel}","templated":true}]}}