{"id":1894,"date":"2021-10-19T09:43:40","date_gmt":"2021-10-19T07:43:40","guid":{"rendered":"http:\/\/www2.museodiocesanovicenza.it\/it\/?p=1894"},"modified":"2021-10-19T09:43:40","modified_gmt":"2021-10-19T07:43:40","slug":"dante-e-lislam","status":"publish","type":"post","link":"http:\/\/www2.museodiocesanovicenza.it\/it\/2021\/10\/19\/dante-e-lislam\/","title":{"rendered":"Dante e l&#8217;Islam"},"content":{"rendered":"<p>Conferenza e concerto per scoprire come &#8220;La Commedia&#8221; ci lascia, ancora oggi, percepire una visione ultraterrena dove le Verit\u00e0 Universali appartengono a pi\u00f9 civilt\u00e0 e religioni.<!--more--><\/p>\n<div class=\"o9v6fnle cxmmr5t8 oygrvhab hcukyx3x c1et5uql ii04i59q\"><\/div>\n<p>Quale legame potrebbe esserci tra il \u201csommo poeta\u201d, padre della lingua italiana e pilastro della cultura cristiana, e la tradizione islamica? Nel medioevo gli scambi culturali e intellettuali tra Oriente e Occidente erano forse molto pi\u00f9 frequenti di quanto normalmente si pensi? Non \u00e8 che questo interscambio culturale e religioso portasse a una compenetrazione forse pi\u00f9 influente degli eventi storici?<\/p>\n<p>Nel 700\u00b0 anniversario della scomparsa di Dante Alighieri, la sua Commedia ci lascia scoprire ancora oggi una visione ultraterrena dove le Verit\u00e0 Universali, qui presentate nel contesto della teologia cristiana, in realt\u00e0 appartengono, perch\u00e9 anelito profondo di salvezza di ogni persona, che va al di l\u00e0 della morte, a pi\u00f9 civilt\u00e0 e religioni.<\/p>\n<p>A un secolo dalla pubblicazione del libro \u201cL\u2019escatologia musulmana nella Divina Commedia\u201d, opera del sacerdote e arabista spagnolo Miguel As\u00edn Palacios, riscoprire questa possibilit\u00e0 di lettura offre anche l\u2019occasione per conoscere meglio la ricchezza della sapienza islamica e approfondire la storia dei rapporti culturali e spirituali tra Oriente e Occidente.<\/p>\n<p>\u201cDante e l\u2019Islam\u201d sar\u00e0 cos\u00ec il tema centrale di un incontro previsto <strong>venerd\u00ec 29 ottobre alle ore 18<\/strong> nel Palazzo delle Opere Sociali in piazza Duomo 2 a Vicenza, promosso dal Museo Diocesano insieme alla COREIS (Comunit\u00e0 Religiosa Islamica) Italiana e all\u2019Accademia di Studi Interreligiosi ISA. Relatori saranno <strong>don Gianluca Padovan<\/strong>, Vicedelegato diocesano per il dialogo interreligioso, e l\u2019<strong>imam Yahya Abd al-Ahad Zanolo<\/strong>, COREIS Triveneto, con la moderazione di <strong>mons. Francesco Gasparini<\/strong>, direttore del Museo Diocesano.<\/p>\n<p>Ma proprio nel 2021 cade anche un altro importante anniversario, celebrato in tutto il mondo islamico e non solo: esattamente 1000 anni fa, il 3 novembre 1021, scompariva a Nishapur, Iran, uno fra i maggiori sapienti della tradizione islamica: Abu Abd al-Rahman Al Sulami.<\/p>\n<p>Per onorare la memoria e scoprire alcune perle di conoscenza e poesia di questi due sapienti, testimoni della cavalleria spirituale \u2013 cio\u00e8 del<strong>la lotta dell\u2019uomo contro i nemici che egli porta in s\u00e9, contro le proprie passioni e tendenze individuali, per ottenere \u00abl\u2019unit\u00e0 nell\u2019intenzione e la costante tendenza verso il centro invariabile e immutabile\u00bb \u2013<\/strong> siamo invitati <strong>sabato 30 ottobre alle ore 17 <\/strong>nell\u2019oratorio del Gonfalone in piazza Duomo 5 a Vicenza.Un <em>ensemble<\/em> musicale (violino, arpa e clarinetto) offrir\u00e0 musiche dalla tradizione sacra e popolare ebraica, cristiana e islamica, alternando brani di Dante e al-Sulami, in un connubio affascinante di musica e parole.<\/p>\n<p>Conferenza e concerto hanno il sostegno di Fondazione Banca Popolare di Marostica \u2013 Volksbank. Ingresso libero ad entrambi gli eventi con prenotazione obbligatoria (necessario il green pass).<\/p>\n<p>Per info e prenotazioni: Tel. 0444226400 \/ e-mail: museo@vicenza.chiesacattolica.it<\/p>\n<p><img loading=\"lazy\" class=\"alignnone size-medium wp-image-1895\" src=\"http:\/\/www2.museodiocesanovicenza.it\/it\/wp-content\/uploads\/2021\/10\/locandina_danteelislam_29-30ottobre2021-213x300.jpg\" alt=\"\" width=\"213\" height=\"300\" srcset=\"http:\/\/www2.museodiocesanovicenza.it\/it\/wp-content\/uploads\/2021\/10\/locandina_danteelislam_29-30ottobre2021-213x300.jpg 213w, http:\/\/www2.museodiocesanovicenza.it\/it\/wp-content\/uploads\/2021\/10\/locandina_danteelislam_29-30ottobre2021-729x1024.jpg 729w, http:\/\/www2.museodiocesanovicenza.it\/it\/wp-content\/uploads\/2021\/10\/locandina_danteelislam_29-30ottobre2021-768x1079.jpg 768w, http:\/\/www2.museodiocesanovicenza.it\/it\/wp-content\/uploads\/2021\/10\/locandina_danteelislam_29-30ottobre2021-1093x1536.jpg 1093w, http:\/\/www2.museodiocesanovicenza.it\/it\/wp-content\/uploads\/2021\/10\/locandina_danteelislam_29-30ottobre2021-1457x2048.jpg 1457w, http:\/\/www2.museodiocesanovicenza.it\/it\/wp-content\/uploads\/2021\/10\/locandina_danteelislam_29-30ottobre2021-scaled.jpg 1352w\" sizes=\"(max-width: 213px) 100vw, 213px\" \/><\/p>\n<p>&nbsp;<\/p>\n<div class=\"kvgmc6g5 cxmmr5t8 oygrvhab hcukyx3x c1et5uql ii04i59q\"><\/div>\n","protected":false},"excerpt":{"rendered":"<p>Conferenza e concerto per scoprire come &#8220;La Commedia&#8221; ci lascia, ancora oggi, percepire una visione ultraterrena dove le Verit\u00e0 Universali appartengono a pi\u00f9 civilt\u00e0 e religioni.<\/p>\n<a class=\"more-link\" href=\"http:\/\/www2.museodiocesanovicenza.it\/it\/2021\/10\/19\/dante-e-lislam\/\">Leggi tutto<\/a>","protected":false},"author":4,"featured_media":0,"comment_status":"closed","ping_status":"open","sticky":false,"template":"","format":"standard","meta":{"extendify_custom_stylesheet":"","spay_email":"","jetpack_publicize_message":"","jetpack_is_tweetstorm":false,"jetpack_publicize_feature_enabled":true},"categories":[1],"tags":[],"jetpack_featured_media_url":"","jetpack_publicize_connections":[],"jetpack_sharing_enabled":true,"jetpack_shortlink":"https:\/\/wp.me\/p7CokG-uy","_links":{"self":[{"href":"http:\/\/www2.museodiocesanovicenza.it\/it\/wp-json\/wp\/v2\/posts\/1894"}],"collection":[{"href":"http:\/\/www2.museodiocesanovicenza.it\/it\/wp-json\/wp\/v2\/posts"}],"about":[{"href":"http:\/\/www2.museodiocesanovicenza.it\/it\/wp-json\/wp\/v2\/types\/post"}],"author":[{"embeddable":true,"href":"http:\/\/www2.museodiocesanovicenza.it\/it\/wp-json\/wp\/v2\/users\/4"}],"replies":[{"embeddable":true,"href":"http:\/\/www2.museodiocesanovicenza.it\/it\/wp-json\/wp\/v2\/comments?post=1894"}],"version-history":[{"count":1,"href":"http:\/\/www2.museodiocesanovicenza.it\/it\/wp-json\/wp\/v2\/posts\/1894\/revisions"}],"predecessor-version":[{"id":1896,"href":"http:\/\/www2.museodiocesanovicenza.it\/it\/wp-json\/wp\/v2\/posts\/1894\/revisions\/1896"}],"wp:attachment":[{"href":"http:\/\/www2.museodiocesanovicenza.it\/it\/wp-json\/wp\/v2\/media?parent=1894"}],"wp:term":[{"taxonomy":"category","embeddable":true,"href":"http:\/\/www2.museodiocesanovicenza.it\/it\/wp-json\/wp\/v2\/categories?post=1894"},{"taxonomy":"post_tag","embeddable":true,"href":"http:\/\/www2.museodiocesanovicenza.it\/it\/wp-json\/wp\/v2\/tags?post=1894"}],"curies":[{"name":"wp","href":"https:\/\/api.w.org\/{rel}","templated":true}]}}