{"id":2349,"date":"2023-08-25T10:05:20","date_gmt":"2023-08-25T08:05:20","guid":{"rendered":"http:\/\/www2.museodiocesanovicenza.it\/it\/?p=2349"},"modified":"2023-08-25T10:05:20","modified_gmt":"2023-08-25T08:05:20","slug":"in-stampa-la-brochure-con-le-attivita-didattiche-rivolte-alle-scuole","status":"publish","type":"post","link":"http:\/\/www2.museodiocesanovicenza.it\/it\/2023\/08\/25\/in-stampa-la-brochure-con-le-attivita-didattiche-rivolte-alle-scuole\/","title":{"rendered":"In stampa la brochure con le attivit\u00e0 didattiche rivolte alle scuole"},"content":{"rendered":"<p class=\"x11i5rnm xat24cr x1mh8g0r x1vvkbs xtlvy1s x126k92a\">L&#8217;estate non \u00e8 ancora finita, ma noi gi\u00e0 lavoriamo per l&#8217;attivit\u00e0 didattica del prossimo anno scolastico.<\/p>\n<p><!--more--><\/p>\n<div class=\"x11i5rnm xat24cr x1mh8g0r x1vvkbs xtlvy1s x126k92a\">\n<div class=\"x11i5rnm xat24cr x1mh8g0r x1vvkbs xtlvy1s x126k92a\">\n<div class=\"x11i5rnm xat24cr x1mh8g0r x1vvkbs xtlvy1s x126k92a\">\n<p dir=\"auto\">E&#8217; in stampa l&#8217;opuscolo dedicato alle nostre attivit\u00e0 educative rivolte alle scuole di ogni ordine e grado (dall&#8217;infanzia alla scuola secondaria di secondo grado).<\/p>\n<\/div>\n<div dir=\"auto\">Nuove proposte, grandi classici e luoghi inediti vicentini: questi i nostri ingredienti per un pacchetto formativo che esplora il Museo, la storia di Vicenza, il Green e la Natura, le culture del Mondo e l&#8217;arte contemporanea!<\/div>\n<div class=\"x11i5rnm xat24cr x1mh8g0r x1vvkbs xtlvy1s x126k92a\">\n<p dir=\"auto\">Non siete curiosi?<\/p>\n<\/div>\n<div dir=\"auto\"><\/div>\n<div dir=\"auto\"><\/div>\n<\/div>\n<\/div>\n<p dir=\"auto\">\u00a0 <img loading=\"lazy\" class=\"alignnone size-medium wp-image-2351\" src=\"http:\/\/www2.museodiocesanovicenza.it\/it\/wp-content\/uploads\/2023\/08\/copertina-300x223.jpg\" alt=\"\" width=\"300\" height=\"223\" srcset=\"http:\/\/www2.museodiocesanovicenza.it\/it\/wp-content\/uploads\/2023\/08\/copertina-300x223.jpg 300w, http:\/\/www2.museodiocesanovicenza.it\/it\/wp-content\/uploads\/2023\/08\/copertina-1024x762.jpg 1024w, http:\/\/www2.museodiocesanovicenza.it\/it\/wp-content\/uploads\/2023\/08\/copertina-768x572.jpg 768w, http:\/\/www2.museodiocesanovicenza.it\/it\/wp-content\/uploads\/2023\/08\/copertina-1536x1143.jpg 1536w, http:\/\/www2.museodiocesanovicenza.it\/it\/wp-content\/uploads\/2023\/08\/copertina.jpg 1630w\" sizes=\"(max-width: 300px) 100vw, 300px\" \/><\/p>\n","protected":false},"excerpt":{"rendered":"<p>L&#8217;estate non \u00e8 ancora finita, ma noi gi\u00e0 lavoriamo per l&#8217;attivit\u00e0 didattica del prossimo anno scolastico.<\/p>\n<a class=\"more-link\" href=\"http:\/\/www2.museodiocesanovicenza.it\/it\/2023\/08\/25\/in-stampa-la-brochure-con-le-attivita-didattiche-rivolte-alle-scuole\/\">Leggi tutto<\/a>","protected":false},"author":4,"featured_media":0,"comment_status":"closed","ping_status":"open","sticky":false,"template":"","format":"standard","meta":{"extendify_custom_stylesheet":"","spay_email":"","jetpack_publicize_message":"","jetpack_is_tweetstorm":false,"jetpack_publicize_feature_enabled":true},"categories":[1],"tags":[],"jetpack_featured_media_url":"","jetpack_publicize_connections":[],"jetpack_sharing_enabled":true,"jetpack_shortlink":"https:\/\/wp.me\/p7CokG-BT","_links":{"self":[{"href":"http:\/\/www2.museodiocesanovicenza.it\/it\/wp-json\/wp\/v2\/posts\/2349"}],"collection":[{"href":"http:\/\/www2.museodiocesanovicenza.it\/it\/wp-json\/wp\/v2\/posts"}],"about":[{"href":"http:\/\/www2.museodiocesanovicenza.it\/it\/wp-json\/wp\/v2\/types\/post"}],"author":[{"embeddable":true,"href":"http:\/\/www2.museodiocesanovicenza.it\/it\/wp-json\/wp\/v2\/users\/4"}],"replies":[{"embeddable":true,"href":"http:\/\/www2.museodiocesanovicenza.it\/it\/wp-json\/wp\/v2\/comments?post=2349"}],"version-history":[{"count":1,"href":"http:\/\/www2.museodiocesanovicenza.it\/it\/wp-json\/wp\/v2\/posts\/2349\/revisions"}],"predecessor-version":[{"id":2352,"href":"http:\/\/www2.museodiocesanovicenza.it\/it\/wp-json\/wp\/v2\/posts\/2349\/revisions\/2352"}],"wp:attachment":[{"href":"http:\/\/www2.museodiocesanovicenza.it\/it\/wp-json\/wp\/v2\/media?parent=2349"}],"wp:term":[{"taxonomy":"category","embeddable":true,"href":"http:\/\/www2.museodiocesanovicenza.it\/it\/wp-json\/wp\/v2\/categories?post=2349"},{"taxonomy":"post_tag","embeddable":true,"href":"http:\/\/www2.museodiocesanovicenza.it\/it\/wp-json\/wp\/v2\/tags?post=2349"}],"curies":[{"name":"wp","href":"https:\/\/api.w.org\/{rel}","templated":true}]}}