{"id":2805,"date":"2024-08-03T11:27:45","date_gmt":"2024-08-03T09:27:45","guid":{"rendered":"http:\/\/www2.museodiocesanovicenza.it\/it\/?p=2805"},"modified":"2024-08-03T11:33:04","modified_gmt":"2024-08-03T09:33:04","slug":"passeggiando-nel-medioevo-le-chiese-di-marostica","status":"publish","type":"post","link":"http:\/\/www2.museodiocesanovicenza.it\/it\/2024\/08\/03\/passeggiando-nel-medioevo-le-chiese-di-marostica\/","title":{"rendered":"Passeggiando nel Medioevo: le chiese di Marostica"},"content":{"rendered":"<p>Penultimo appuntamento per i tour di &#8220;Passeggiando nel Medioevo: viaggio alla (ri)scoperta dell&#8217;arte sacra medievale del Vicentino&#8221;.<br \/>\n<!--more--><\/p>\n<div class=\"\" data-block=\"true\" data-editor=\"ab8qh\" data-offset-key=\"9vebi-0-0\">\n<div class=\"\" data-block=\"true\" data-editor=\"3h9pg\" data-offset-key=\"25ufr-0-0\">\n<div class=\"_1mf _1mj\" data-offset-key=\"25ufr-0-0\">\n<div class=\"x11i5rnm xat24cr x1mh8g0r x1vvkbs xtlvy1s x126k92a\">\n<p class=\"x11i5rnm xat24cr x1mh8g0r x1vvkbs xtlvy1s x126k92a\"><span style=\"font-size: 1rem;\">Sabato 31 agosto (ore 9,30) la nostra attivit\u00e0 alla conoscenza del territorio si sposta nella preziosa cittadina di Marostica per visitare il duomo di Santa Maria e la chiesa di Sant&#8217;Antonio.<\/span><\/p>\n<p>Con noi, ci sar\u00e0 sempre lo storico Marco Ferrero (Associazione Medioevo Vicentino) che ci illustrer\u00e0 la storia, la nascita, la costruzione stessa della comunit\u00e0 avvenuta intorno alla pieve di Santa Maria. Ad affiancarlo, la storica dell&#8217;arte Manuela Mantiero (Museo Diocesano Vicenza) per gli approfondimenti storico-artistici.<\/p>\n<p>L&#8217;attivit\u00e0 \u00e8 su prenotazione: 0444226400 &#8211; museo@diocesi.vicenza.it<\/p>\n<\/div>\n<\/div>\n<\/div>\n<\/div>\n<p>&nbsp;<\/p>\n<p><img loading=\"lazy\" class=\"alignnone size-medium wp-image-2806\" src=\"http:\/\/www2.museodiocesanovicenza.it\/it\/wp-content\/uploads\/2024\/08\/Progetto-Diocesi_Locandina_9-188x300.jpeg\" alt=\"\" width=\"188\" height=\"300\" srcset=\"http:\/\/www2.museodiocesanovicenza.it\/it\/wp-content\/uploads\/2024\/08\/Progetto-Diocesi_Locandina_9-188x300.jpeg 188w, http:\/\/www2.museodiocesanovicenza.it\/it\/wp-content\/uploads\/2024\/08\/Progetto-Diocesi_Locandina_9-643x1024.jpeg 643w, http:\/\/www2.museodiocesanovicenza.it\/it\/wp-content\/uploads\/2024\/08\/Progetto-Diocesi_Locandina_9-768x1223.jpeg 768w, http:\/\/www2.museodiocesanovicenza.it\/it\/wp-content\/uploads\/2024\/08\/Progetto-Diocesi_Locandina_9-965x1536.jpeg 965w, http:\/\/www2.museodiocesanovicenza.it\/it\/wp-content\/uploads\/2024\/08\/Progetto-Diocesi_Locandina_9-1286x2048.jpeg 1286w, http:\/\/www2.museodiocesanovicenza.it\/it\/wp-content\/uploads\/2024\/08\/Progetto-Diocesi_Locandina_9-scaled.jpeg 1193w\" sizes=\"(max-width: 188px) 100vw, 188px\" \/><\/p>\n<div data-offset-key=\"e0j7v-0-0\"><\/div>\n","protected":false},"excerpt":{"rendered":"<p>Penultimo appuntamento per i tour di &#8220;Passeggiando nel Medioevo: viaggio alla (ri)scoperta dell&#8217;arte sacra medievale del Vicentino&#8221;.<\/p>\n<a class=\"more-link\" href=\"http:\/\/www2.museodiocesanovicenza.it\/it\/2024\/08\/03\/passeggiando-nel-medioevo-le-chiese-di-marostica\/\">Leggi tutto<\/a>","protected":false},"author":4,"featured_media":0,"comment_status":"closed","ping_status":"open","sticky":false,"template":"","format":"standard","meta":{"extendify_custom_stylesheet":"","spay_email":"","jetpack_publicize_message":"","jetpack_is_tweetstorm":false,"jetpack_publicize_feature_enabled":true},"categories":[1],"tags":[],"jetpack_featured_media_url":"","jetpack_publicize_connections":[],"jetpack_sharing_enabled":true,"jetpack_shortlink":"https:\/\/wp.me\/p7CokG-Jf","_links":{"self":[{"href":"http:\/\/www2.museodiocesanovicenza.it\/it\/wp-json\/wp\/v2\/posts\/2805"}],"collection":[{"href":"http:\/\/www2.museodiocesanovicenza.it\/it\/wp-json\/wp\/v2\/posts"}],"about":[{"href":"http:\/\/www2.museodiocesanovicenza.it\/it\/wp-json\/wp\/v2\/types\/post"}],"author":[{"embeddable":true,"href":"http:\/\/www2.museodiocesanovicenza.it\/it\/wp-json\/wp\/v2\/users\/4"}],"replies":[{"embeddable":true,"href":"http:\/\/www2.museodiocesanovicenza.it\/it\/wp-json\/wp\/v2\/comments?post=2805"}],"version-history":[{"count":1,"href":"http:\/\/www2.museodiocesanovicenza.it\/it\/wp-json\/wp\/v2\/posts\/2805\/revisions"}],"predecessor-version":[{"id":2807,"href":"http:\/\/www2.museodiocesanovicenza.it\/it\/wp-json\/wp\/v2\/posts\/2805\/revisions\/2807"}],"wp:attachment":[{"href":"http:\/\/www2.museodiocesanovicenza.it\/it\/wp-json\/wp\/v2\/media?parent=2805"}],"wp:term":[{"taxonomy":"category","embeddable":true,"href":"http:\/\/www2.museodiocesanovicenza.it\/it\/wp-json\/wp\/v2\/categories?post=2805"},{"taxonomy":"post_tag","embeddable":true,"href":"http:\/\/www2.museodiocesanovicenza.it\/it\/wp-json\/wp\/v2\/tags?post=2805"}],"curies":[{"name":"wp","href":"https:\/\/api.w.org\/{rel}","templated":true}]}}