{"id":2932,"date":"2024-11-25T09:36:07","date_gmt":"2024-11-25T08:36:07","guid":{"rendered":"http:\/\/www2.museodiocesanovicenza.it\/it\/?p=2932"},"modified":"2024-11-25T09:44:58","modified_gmt":"2024-11-25T08:44:58","slug":"davanti-allopera-il-natale-nelle-chiese-della-citta","status":"publish","type":"post","link":"http:\/\/www2.museodiocesanovicenza.it\/it\/2024\/11\/25\/davanti-allopera-il-natale-nelle-chiese-della-citta\/","title":{"rendered":"DAVANTI ALL&#8217;OPERA: il Natale nelle chiese di Vicenza"},"content":{"rendered":"<p>In occasione del prossimo Natale, ciclo di incontri di fronte ad un&#8217;opera d&#8217;arte.<!--more--><\/p>\n<div class=\"\" data-block=\"true\" data-editor=\"ab8qh\" data-offset-key=\"9vebi-0-0\">\n<div class=\"\" data-block=\"true\" data-editor=\"3h9pg\" data-offset-key=\"25ufr-0-0\">\n<div class=\"_1mf _1mj\" data-offset-key=\"25ufr-0-0\">\n<div class=\"x11i5rnm xat24cr x1mh8g0r x1vvkbs xtlvy1s x126k92a\">\n<div class=\"x11i5rnm xat24cr x1mh8g0r x1vvkbs xtlvy1s x126k92a\">\n<div class=\"xdj266r x11i5rnm xat24cr x1mh8g0r x1vvkbs x126k92a\">\n<p dir=\"auto\">Il Museo Diocesano \u201cPietro G. Nonis\u201d, in collaborazione con l\u2019Ufficio Beni Culturali della Diocesi di Vicenza, propone tre incontri con approfondimento storico, artistico e iconografico di altrettante opere legate al Natale e conservate nelle chiese vicentine.<\/p>\n<p dir=\"auto\">I partecipanti avranno la possibilit\u00e0 di ritrovarsi \u201cdavanti all\u2019opera\u201d ammirandone la bellezza nei luoghi per i quali, questo capolavori, sono stati commissionati, concepiti e realizzati.\u00a0Osservare i dettagli della pittura nel contesto originario \u00e8 un\u2019occasione straordinaria per approfondirne gli episodi legati al Natale attraverso l&#8217;arte.<\/p>\n<p dir=\"auto\">Ogni appuntamento sar\u00e0 su prenotazione, durer\u00e0 40 minuti circa ed \u00e8 programmato per le ore 11.<\/p>\n<p dir=\"auto\">SABATO 7 DICEMBRE &#8211; &#8220;Annunciazione&#8221; chiesa di San Michele ai Servi<\/p>\n<p dir=\"auto\">SABATO 14 DICEMBRE &#8211; &#8220;Adorazione dei pastori&#8221; chiesa di San Pietro Apostolo<\/p>\n<p dir=\"auto\">SABATO 21 DICEMBRE &#8211; &#8220;Adorazione dei magi&#8221; chiesa di San Rocco<\/p>\n<\/div>\n<div class=\"x11i5rnm xat24cr x1mh8g0r x1vvkbs xtlvy1s x126k92a\">\n<p dir=\"auto\">Per info e prenotazioni: 0444226400 \u2013 museo@diocesi.vicenza.it<\/p>\n<\/div>\n<p>&nbsp;<\/p>\n<figure id=\"attachment_2933\" aria-describedby=\"caption-attachment-2933\" style=\"width: 300px\" class=\"wp-caption alignnone\"><img loading=\"lazy\" class=\"size-medium wp-image-2933\" src=\"http:\/\/www2.museodiocesanovicenza.it\/it\/wp-content\/uploads\/2024\/11\/davantiallopera_sanrocco_21-12-2024-300x200.jpg\" alt=\"\" width=\"300\" height=\"200\" srcset=\"http:\/\/www2.museodiocesanovicenza.it\/it\/wp-content\/uploads\/2024\/11\/davantiallopera_sanrocco_21-12-2024-300x200.jpg 300w, http:\/\/www2.museodiocesanovicenza.it\/it\/wp-content\/uploads\/2024\/11\/davantiallopera_sanrocco_21-12-2024-1024x681.jpg 1024w, http:\/\/www2.museodiocesanovicenza.it\/it\/wp-content\/uploads\/2024\/11\/davantiallopera_sanrocco_21-12-2024-768x511.jpg 768w, http:\/\/www2.museodiocesanovicenza.it\/it\/wp-content\/uploads\/2024\/11\/davantiallopera_sanrocco_21-12-2024-1536x1022.jpg 1536w, http:\/\/www2.museodiocesanovicenza.it\/it\/wp-content\/uploads\/2024\/11\/davantiallopera_sanrocco_21-12-2024-2048x1363.jpg 2048w, http:\/\/www2.museodiocesanovicenza.it\/it\/wp-content\/uploads\/2024\/11\/davantiallopera_sanrocco_21-12-2024-scaled.jpg 1900w\" sizes=\"(max-width: 300px) 100vw, 300px\" \/><figcaption id=\"caption-attachment-2933\" class=\"wp-caption-text\">chiesa San Rocco 15-12-16<\/figcaption><\/figure>\n<\/div>\n<\/div>\n<\/div>\n<\/div>\n<\/div>\n","protected":false},"excerpt":{"rendered":"<p>In occasione del prossimo Natale, ciclo di incontri di fronte ad un&#8217;opera d&#8217;arte.<\/p>\n<a class=\"more-link\" href=\"http:\/\/www2.museodiocesanovicenza.it\/it\/2024\/11\/25\/davanti-allopera-il-natale-nelle-chiese-della-citta\/\">Leggi tutto<\/a>","protected":false},"author":4,"featured_media":0,"comment_status":"closed","ping_status":"open","sticky":false,"template":"","format":"standard","meta":{"extendify_custom_stylesheet":"","spay_email":"","jetpack_publicize_message":"","jetpack_is_tweetstorm":false,"jetpack_publicize_feature_enabled":true},"categories":[1],"tags":[],"jetpack_featured_media_url":"","jetpack_publicize_connections":[],"jetpack_sharing_enabled":true,"jetpack_shortlink":"https:\/\/wp.me\/p7CokG-Li","_links":{"self":[{"href":"http:\/\/www2.museodiocesanovicenza.it\/it\/wp-json\/wp\/v2\/posts\/2932"}],"collection":[{"href":"http:\/\/www2.museodiocesanovicenza.it\/it\/wp-json\/wp\/v2\/posts"}],"about":[{"href":"http:\/\/www2.museodiocesanovicenza.it\/it\/wp-json\/wp\/v2\/types\/post"}],"author":[{"embeddable":true,"href":"http:\/\/www2.museodiocesanovicenza.it\/it\/wp-json\/wp\/v2\/users\/4"}],"replies":[{"embeddable":true,"href":"http:\/\/www2.museodiocesanovicenza.it\/it\/wp-json\/wp\/v2\/comments?post=2932"}],"version-history":[{"count":2,"href":"http:\/\/www2.museodiocesanovicenza.it\/it\/wp-json\/wp\/v2\/posts\/2932\/revisions"}],"predecessor-version":[{"id":2935,"href":"http:\/\/www2.museodiocesanovicenza.it\/it\/wp-json\/wp\/v2\/posts\/2932\/revisions\/2935"}],"wp:attachment":[{"href":"http:\/\/www2.museodiocesanovicenza.it\/it\/wp-json\/wp\/v2\/media?parent=2932"}],"wp:term":[{"taxonomy":"category","embeddable":true,"href":"http:\/\/www2.museodiocesanovicenza.it\/it\/wp-json\/wp\/v2\/categories?post=2932"},{"taxonomy":"post_tag","embeddable":true,"href":"http:\/\/www2.museodiocesanovicenza.it\/it\/wp-json\/wp\/v2\/tags?post=2932"}],"curies":[{"name":"wp","href":"https:\/\/api.w.org\/{rel}","templated":true}]}}