{"id":2948,"date":"2024-12-03T08:44:01","date_gmt":"2024-12-03T07:44:01","guid":{"rendered":"http:\/\/www2.museodiocesanovicenza.it\/it\/?p=2948"},"modified":"2024-12-03T08:44:01","modified_gmt":"2024-12-03T07:44:01","slug":"natale-in-arte-3","status":"publish","type":"post","link":"http:\/\/www2.museodiocesanovicenza.it\/it\/2024\/12\/03\/natale-in-arte-3\/","title":{"rendered":"NATALE in ARTE"},"content":{"rendered":"<p>Visita guidata per adulti tra le opere a soggetto natalizio del Museo Diocesano.<!--more--><\/p>\n<div class=\"\" data-block=\"true\" data-editor=\"ab8qh\" data-offset-key=\"9vebi-0-0\">\n<div class=\"\" data-block=\"true\" data-editor=\"3h9pg\" data-offset-key=\"25ufr-0-0\">\n<div class=\"_1mf _1mj\" data-offset-key=\"25ufr-0-0\">\n<div class=\"x11i5rnm xat24cr x1mh8g0r x1vvkbs xtlvy1s x126k92a\">\n<div class=\"x11i5rnm xat24cr x1mh8g0r x1vvkbs xtlvy1s x126k92a\">\n<div class=\"xdj266r x11i5rnm xat24cr x1mh8g0r x1vvkbs x126k92a\">\n<div class=\"x11i5rnm xat24cr x1mh8g0r x1vvkbs xtlvy1s x126k92a\">\n<p dir=\"auto\">Il Natale \u00e8 ormai alle porte. In questo tempo di Attesa ci si prepara alla festivit\u00e0 in molti modi diversi&#8230; uno tra questi \u00e8 quello di recarsi al Museo Diocesano per una visita del tutto particolare.<\/p>\n<p dir=\"auto\">DOMENICA 8 DICEMBRE, alle ore 10, un operatore dei Servizi Educativi del Museo sar\u00e0 a disposizione per accompagnarvi tra le opere a soggetto natalizio ivi esposte: a partire dal dipinto con Annunciazione (XVI sec.), passando per la miniatura con la Nativit\u00e0 (XIV sec.) e finendo con la Lastra con Adorazione dei Magi (IV sec.) e la tela di Giulio Carpioni che riporta il medesimo soggetto (XVII sec.).<\/p>\n<p dir=\"auto\">Un tour inedito alla scoperta del Natale!<\/p>\n<p dir=\"auto\">L&#8217;evento \u00e8 organizzato in collaborazione con &#8220;Non ho l&#8217;et\u00e0 &#8211; Mercato Antiquariato, Vintage e Collezionismo di Vicenza&#8221;.<\/p>\n<p dir=\"auto\">La visita guidata \u00e8 GRATUITA su prenotazione.<\/p>\n<p dir=\"auto\">Per info e prenotazioni: 0444226400 &#8211; museo@diocesi.vicenza.it<\/p>\n<\/div>\n<\/div>\n<p>&nbsp;<\/p>\n<p><img loading=\"lazy\" class=\"alignnone size-medium wp-image-2949\" src=\"http:\/\/www2.museodiocesanovicenza.it\/it\/wp-content\/uploads\/2024\/12\/MUS0383_scontornata-254x300.jpg\" alt=\"\" width=\"254\" height=\"300\" srcset=\"http:\/\/www2.museodiocesanovicenza.it\/it\/wp-content\/uploads\/2024\/12\/MUS0383_scontornata-254x300.jpg 254w, http:\/\/www2.museodiocesanovicenza.it\/it\/wp-content\/uploads\/2024\/12\/MUS0383_scontornata-866x1024.jpg 866w, http:\/\/www2.museodiocesanovicenza.it\/it\/wp-content\/uploads\/2024\/12\/MUS0383_scontornata-768x908.jpg 768w, http:\/\/www2.museodiocesanovicenza.it\/it\/wp-content\/uploads\/2024\/12\/MUS0383_scontornata.jpg 1058w\" sizes=\"(max-width: 254px) 100vw, 254px\" \/><\/p>\n<\/div>\n<\/div>\n<\/div>\n<\/div>\n<\/div>\n","protected":false},"excerpt":{"rendered":"<p>Visita guidata per adulti tra le opere a soggetto natalizio del Museo Diocesano.<\/p>\n<a class=\"more-link\" href=\"http:\/\/www2.museodiocesanovicenza.it\/it\/2024\/12\/03\/natale-in-arte-3\/\">Leggi tutto<\/a>","protected":false},"author":4,"featured_media":0,"comment_status":"closed","ping_status":"open","sticky":false,"template":"","format":"standard","meta":{"extendify_custom_stylesheet":"","spay_email":"","jetpack_publicize_message":"","jetpack_is_tweetstorm":false,"jetpack_publicize_feature_enabled":true},"categories":[1],"tags":[],"jetpack_featured_media_url":"","jetpack_publicize_connections":[],"jetpack_sharing_enabled":true,"jetpack_shortlink":"https:\/\/wp.me\/p7CokG-Ly","_links":{"self":[{"href":"http:\/\/www2.museodiocesanovicenza.it\/it\/wp-json\/wp\/v2\/posts\/2948"}],"collection":[{"href":"http:\/\/www2.museodiocesanovicenza.it\/it\/wp-json\/wp\/v2\/posts"}],"about":[{"href":"http:\/\/www2.museodiocesanovicenza.it\/it\/wp-json\/wp\/v2\/types\/post"}],"author":[{"embeddable":true,"href":"http:\/\/www2.museodiocesanovicenza.it\/it\/wp-json\/wp\/v2\/users\/4"}],"replies":[{"embeddable":true,"href":"http:\/\/www2.museodiocesanovicenza.it\/it\/wp-json\/wp\/v2\/comments?post=2948"}],"version-history":[{"count":1,"href":"http:\/\/www2.museodiocesanovicenza.it\/it\/wp-json\/wp\/v2\/posts\/2948\/revisions"}],"predecessor-version":[{"id":2950,"href":"http:\/\/www2.museodiocesanovicenza.it\/it\/wp-json\/wp\/v2\/posts\/2948\/revisions\/2950"}],"wp:attachment":[{"href":"http:\/\/www2.museodiocesanovicenza.it\/it\/wp-json\/wp\/v2\/media?parent=2948"}],"wp:term":[{"taxonomy":"category","embeddable":true,"href":"http:\/\/www2.museodiocesanovicenza.it\/it\/wp-json\/wp\/v2\/categories?post=2948"},{"taxonomy":"post_tag","embeddable":true,"href":"http:\/\/www2.museodiocesanovicenza.it\/it\/wp-json\/wp\/v2\/tags?post=2948"}],"curies":[{"name":"wp","href":"https:\/\/api.w.org\/{rel}","templated":true}]}}