{"id":3010,"date":"2025-02-04T13:52:31","date_gmt":"2025-02-04T12:52:31","guid":{"rendered":"http:\/\/www2.museodiocesanovicenza.it\/it\/?p=3010"},"modified":"2025-02-04T13:52:31","modified_gmt":"2025-02-04T12:52:31","slug":"famiglie-al-museo-si-sol-a-volte-la-scienza-non-basta","status":"publish","type":"post","link":"http:\/\/www2.museodiocesanovicenza.it\/it\/2025\/02\/04\/famiglie-al-museo-si-sol-a-volte-la-scienza-non-basta\/","title":{"rendered":"Famiglie al Museo: S\u00ec-Sol a volte la scienza non basta"},"content":{"rendered":"<p>Nuovo appuntamento con &#8220;il Museo che spettacolo!&#8221;.<!--more--><\/p>\n<div class=\"\" data-block=\"true\" data-editor=\"ab8qh\" data-offset-key=\"9vebi-0-0\">\n<div class=\"\" data-block=\"true\" data-editor=\"3h9pg\" data-offset-key=\"25ufr-0-0\">\n<div class=\"_1mf _1mj\" data-offset-key=\"25ufr-0-0\">\n<div class=\"x11i5rnm xat24cr x1mh8g0r x1vvkbs xtlvy1s x126k92a\">\n<div class=\"x11i5rnm xat24cr x1mh8g0r x1vvkbs xtlvy1s x126k92a\">\n<div class=\"xdj266r x11i5rnm xat24cr x1mh8g0r x1vvkbs x126k92a\">\n<div class=\"x11i5rnm xat24cr x1mh8g0r x1vvkbs xtlvy1s x126k92a\">\n<div class=\"\" data-block=\"true\" data-editor=\"1prkm\" data-offset-key=\"aahn8-0-0\">\n<div class=\"_1mf _1mj\" data-offset-key=\"aahn8-0-0\">\n<div class=\"xdj266r x11i5rnm xat24cr x1mh8g0r x1vvkbs x126k92a\">\n<div class=\"xdj266r x11i5rnm xat24cr x1mh8g0r x1vvkbs x126k92a\">\n<div class=\"xdj266r x11i5rnm xat24cr x1mh8g0r x1vvkbs x126k92a\">\n<p>Per il ciclo \u201cFamiglie al Museo\u201d, Franco Mastrovita -attraverso un racconto animato a dir poco fantastico- ci invita a viaggiare con l&#8217;immaginazione perfino nello spazio!<\/p>\n<p>&#8220;All&#8217;estremo opposto della nostra galassia, a innumerevoli chilometri di distanza da noi, tra stelle &#8216;povere&#8217; e stelle &#8216;ricche&#8217;, tra stelle rosse, gialle e azzurre, trova posto il sistema solare di S\u00ec-Sol. Un giorno, nella citt\u00e0 Mi-3 del terzo pianeta S\u00ec-Mi, accadde un fatto che gli abitanti di quella citt\u00e0 non dimenticheranno pi\u00f9&#8230;&#8221;<\/p>\n<p>Siete curiosi di sapere cosa sia successo? Scopritelo assieme a noi.<\/p>\n<p>DOMENICA 16 FEBBRAIO alle ore 10 vi aspettiamo al Museo Diocesano, per una nuova appassionante avventura da vivere insieme, genitori e figli.<\/p>\n<p>A conclusione dell\u2019attivit\u00e0 la \u201cCentrale del Latte di Vicenza\u201d metter\u00e0 a disposizione la merenda.<\/p>\n<p>Attivit\u00e0 per famiglie su prenotazione: 0444226400 \u2013 museo@diocesi.vicenza.it<\/p>\n<p>Il racconto animato \u00e8 gratuito, l\u2019ingresso al Museo con biglietto famiglia (\u20ac 9).<\/p>\n<\/div>\n<\/div>\n<\/div>\n<\/div>\n<\/div>\n<\/div>\n<\/div>\n<\/div>\n<\/div>\n<\/div>\n<\/div>\n<\/div>\n<p>&nbsp;<\/p>\n<p><img loading=\"lazy\" class=\"alignnone size-medium wp-image-3011\" src=\"http:\/\/www2.museodiocesanovicenza.it\/it\/wp-content\/uploads\/2025\/02\/FB_IMG_1519828782887-300x225.jpg\" alt=\"\" width=\"300\" height=\"225\" srcset=\"http:\/\/www2.museodiocesanovicenza.it\/it\/wp-content\/uploads\/2025\/02\/FB_IMG_1519828782887-300x225.jpg 300w, http:\/\/www2.museodiocesanovicenza.it\/it\/wp-content\/uploads\/2025\/02\/FB_IMG_1519828782887.jpg 720w\" sizes=\"(max-width: 300px) 100vw, 300px\" \/><\/p>\n","protected":false},"excerpt":{"rendered":"<p>Nuovo appuntamento con &#8220;il Museo che spettacolo!&#8221;.<\/p>\n<a class=\"more-link\" href=\"http:\/\/www2.museodiocesanovicenza.it\/it\/2025\/02\/04\/famiglie-al-museo-si-sol-a-volte-la-scienza-non-basta\/\">Leggi tutto<\/a>","protected":false},"author":4,"featured_media":0,"comment_status":"closed","ping_status":"open","sticky":false,"template":"","format":"standard","meta":{"extendify_custom_stylesheet":"","spay_email":"","jetpack_publicize_message":"","jetpack_is_tweetstorm":false,"jetpack_publicize_feature_enabled":true},"categories":[1],"tags":[],"jetpack_featured_media_url":"","jetpack_publicize_connections":[],"jetpack_sharing_enabled":true,"jetpack_shortlink":"https:\/\/wp.me\/p7CokG-My","_links":{"self":[{"href":"http:\/\/www2.museodiocesanovicenza.it\/it\/wp-json\/wp\/v2\/posts\/3010"}],"collection":[{"href":"http:\/\/www2.museodiocesanovicenza.it\/it\/wp-json\/wp\/v2\/posts"}],"about":[{"href":"http:\/\/www2.museodiocesanovicenza.it\/it\/wp-json\/wp\/v2\/types\/post"}],"author":[{"embeddable":true,"href":"http:\/\/www2.museodiocesanovicenza.it\/it\/wp-json\/wp\/v2\/users\/4"}],"replies":[{"embeddable":true,"href":"http:\/\/www2.museodiocesanovicenza.it\/it\/wp-json\/wp\/v2\/comments?post=3010"}],"version-history":[{"count":1,"href":"http:\/\/www2.museodiocesanovicenza.it\/it\/wp-json\/wp\/v2\/posts\/3010\/revisions"}],"predecessor-version":[{"id":3012,"href":"http:\/\/www2.museodiocesanovicenza.it\/it\/wp-json\/wp\/v2\/posts\/3010\/revisions\/3012"}],"wp:attachment":[{"href":"http:\/\/www2.museodiocesanovicenza.it\/it\/wp-json\/wp\/v2\/media?parent=3010"}],"wp:term":[{"taxonomy":"category","embeddable":true,"href":"http:\/\/www2.museodiocesanovicenza.it\/it\/wp-json\/wp\/v2\/categories?post=3010"},{"taxonomy":"post_tag","embeddable":true,"href":"http:\/\/www2.museodiocesanovicenza.it\/it\/wp-json\/wp\/v2\/tags?post=3010"}],"curies":[{"name":"wp","href":"https:\/\/api.w.org\/{rel}","templated":true}]}}