{"id":3103,"date":"2025-05-12T10:37:55","date_gmt":"2025-05-12T08:37:55","guid":{"rendered":"http:\/\/www2.museodiocesanovicenza.it\/it\/?p=3103"},"modified":"2025-05-14T10:14:06","modified_gmt":"2025-05-14T08:14:06","slug":"la-notte-del-mistero","status":"publish","type":"post","link":"http:\/\/www2.museodiocesanovicenza.it\/it\/2025\/05\/12\/la-notte-del-mistero\/","title":{"rendered":"La Notte del Mistero"},"content":{"rendered":"<p>Notte Europea dei Musei 2025.<!--more--><\/p>\n<div class=\"\" data-block=\"true\" data-editor=\"ab8qh\" data-offset-key=\"9vebi-0-0\">\n<div class=\"\" data-block=\"true\" data-editor=\"3h9pg\" data-offset-key=\"25ufr-0-0\">\n<div class=\"_1mf _1mj\" data-offset-key=\"25ufr-0-0\">\n<div class=\"x11i5rnm xat24cr x1mh8g0r x1vvkbs xtlvy1s x126k92a\">\n<div class=\"x11i5rnm xat24cr x1mh8g0r x1vvkbs xtlvy1s x126k92a\">\n<div class=\"xdj266r x11i5rnm xat24cr x1mh8g0r x1vvkbs x126k92a\">\n<div class=\"x11i5rnm xat24cr x1mh8g0r x1vvkbs xtlvy1s x126k92a\">\n<div class=\"\" data-block=\"true\" data-editor=\"1prkm\" data-offset-key=\"aahn8-0-0\">\n<div class=\"_1mf _1mj\" data-offset-key=\"aahn8-0-0\">\n<div class=\"xdj266r x11i5rnm xat24cr x1mh8g0r x1vvkbs x126k92a\">\n<p class=\"xdj266r x11i5rnm xat24cr x1mh8g0r x1vvkbs x126k92a\">Sabato 17 maggio, dalle ore 18 alle 22, i musei cittadini saranno aperti straordinariamente con attivit\u00e0 velate dal mistero.<\/p>\n<p>Il Museo Diocesano sar\u00e0 aperto e ospiter\u00e0 un concerto jazz dal titolo &#8220;Opening&#8221; alle ore 20.30.<\/p>\n<p>Il concerto, organizzato nell&#8217;ambito della rassegna VICENZA JAZZ, vedr\u00e0 un atipico duo formato da Lorenzo Simoni al sassofono e Iacopo Teolis alla tromba. &#8220;Openings&#8221; \u00e8 il titolo del loro album d&#8217;esordio in qualit\u00e0 di duo: si tratta di una serie di composizioni originali provenienti dalla penna di Lorenzo Simoni e alcune tracce completamente improvvisate e dettate dagli stimoli del momento.<\/p>\n<p>Nell&#8217;occasione sar\u00e0 aperto anche il Criptoportico Romano con la storia di Vibia Matidia raccontata dagli studenti della IVAT del Liceo Lioy di Vicenza. Una storia misteriosa per un sito straordinario e che, gi\u00e0 nel nome, cela qualcosa di &#8220;nascosto&#8221;.<\/p>\n<p>L&#8217;ingresso ai vari siti \u00e8 di \u20ac 1 (bambini\/ragazzi fino ai 12 anni gratuiti).<\/p>\n<p>&nbsp;<\/p>\n<p>&nbsp;<\/p>\n<p><img loading=\"lazy\" class=\"alignnone size-medium wp-image-3104\" src=\"http:\/\/www2.museodiocesanovicenza.it\/it\/wp-content\/uploads\/2025\/05\/cartolina_NotteMusei2025-3-1-300x211.jpg\" alt=\"\" width=\"300\" height=\"211\" srcset=\"http:\/\/www2.museodiocesanovicenza.it\/it\/wp-content\/uploads\/2025\/05\/cartolina_NotteMusei2025-3-1-300x211.jpg 300w, http:\/\/www2.museodiocesanovicenza.it\/it\/wp-content\/uploads\/2025\/05\/cartolina_NotteMusei2025-3-1-1024x720.jpg 1024w, http:\/\/www2.museodiocesanovicenza.it\/it\/wp-content\/uploads\/2025\/05\/cartolina_NotteMusei2025-3-1-768x540.jpg 768w, http:\/\/www2.museodiocesanovicenza.it\/it\/wp-content\/uploads\/2025\/05\/cartolina_NotteMusei2025-3-1-1536x1080.jpg 1536w, http:\/\/www2.museodiocesanovicenza.it\/it\/wp-content\/uploads\/2025\/05\/cartolina_NotteMusei2025-3-1.jpg 1749w\" sizes=\"(max-width: 300px) 100vw, 300px\" \/><\/p>\n<\/div>\n<\/div>\n<\/div>\n<\/div>\n<\/div>\n<\/div>\n<\/div>\n<\/div>\n<\/div>\n<\/div>\n","protected":false},"excerpt":{"rendered":"<p>Notte Europea dei Musei 2025.<\/p>\n<a class=\"more-link\" href=\"http:\/\/www2.museodiocesanovicenza.it\/it\/2025\/05\/12\/la-notte-del-mistero\/\">Leggi tutto<\/a>","protected":false},"author":4,"featured_media":0,"comment_status":"closed","ping_status":"open","sticky":false,"template":"","format":"standard","meta":{"extendify_custom_stylesheet":"","spay_email":"","jetpack_publicize_message":"","jetpack_is_tweetstorm":false,"jetpack_publicize_feature_enabled":true},"categories":[1],"tags":[],"jetpack_featured_media_url":"","jetpack_publicize_connections":[],"jetpack_sharing_enabled":true,"jetpack_shortlink":"https:\/\/wp.me\/p7CokG-O3","_links":{"self":[{"href":"http:\/\/www2.museodiocesanovicenza.it\/it\/wp-json\/wp\/v2\/posts\/3103"}],"collection":[{"href":"http:\/\/www2.museodiocesanovicenza.it\/it\/wp-json\/wp\/v2\/posts"}],"about":[{"href":"http:\/\/www2.museodiocesanovicenza.it\/it\/wp-json\/wp\/v2\/types\/post"}],"author":[{"embeddable":true,"href":"http:\/\/www2.museodiocesanovicenza.it\/it\/wp-json\/wp\/v2\/users\/4"}],"replies":[{"embeddable":true,"href":"http:\/\/www2.museodiocesanovicenza.it\/it\/wp-json\/wp\/v2\/comments?post=3103"}],"version-history":[{"count":3,"href":"http:\/\/www2.museodiocesanovicenza.it\/it\/wp-json\/wp\/v2\/posts\/3103\/revisions"}],"predecessor-version":[{"id":3108,"href":"http:\/\/www2.museodiocesanovicenza.it\/it\/wp-json\/wp\/v2\/posts\/3103\/revisions\/3108"}],"wp:attachment":[{"href":"http:\/\/www2.museodiocesanovicenza.it\/it\/wp-json\/wp\/v2\/media?parent=3103"}],"wp:term":[{"taxonomy":"category","embeddable":true,"href":"http:\/\/www2.museodiocesanovicenza.it\/it\/wp-json\/wp\/v2\/categories?post=3103"},{"taxonomy":"post_tag","embeddable":true,"href":"http:\/\/www2.museodiocesanovicenza.it\/it\/wp-json\/wp\/v2\/tags?post=3103"}],"curies":[{"name":"wp","href":"https:\/\/api.w.org\/{rel}","templated":true}]}}