{"id":3134,"date":"2025-06-11T09:21:50","date_gmt":"2025-06-11T07:21:50","guid":{"rendered":"http:\/\/www2.museodiocesanovicenza.it\/it\/?p=3134"},"modified":"2025-06-11T09:24:59","modified_gmt":"2025-06-11T07:24:59","slug":"3134","status":"publish","type":"post","link":"http:\/\/www2.museodiocesanovicenza.it\/it\/2025\/06\/11\/3134\/","title":{"rendered":"Loggia in Musica"},"content":{"rendered":"<p>Torna l&#8217;appuntamento musicale organizzato davanti alla straordinaria Loggia Zeno nel chiostro del Palazzo Vescovile.<!--more--><\/p>\n<div class=\"\" data-block=\"true\" data-editor=\"ab8qh\" data-offset-key=\"9vebi-0-0\">\n<div class=\"\" data-block=\"true\" data-editor=\"3h9pg\" data-offset-key=\"25ufr-0-0\">\n<div class=\"_1mf _1mj\" data-offset-key=\"25ufr-0-0\">\n<div class=\"x11i5rnm xat24cr x1mh8g0r x1vvkbs xtlvy1s x126k92a\">\n<div class=\"x11i5rnm xat24cr x1mh8g0r x1vvkbs xtlvy1s x126k92a\">\n<div class=\"xdj266r x11i5rnm xat24cr x1mh8g0r x1vvkbs x126k92a\">\n<div class=\"x11i5rnm xat24cr x1mh8g0r x1vvkbs xtlvy1s x126k92a\">\n<div class=\"\" data-block=\"true\" data-editor=\"1prkm\" data-offset-key=\"aahn8-0-0\">\n<div class=\"_1mf _1mj\" data-offset-key=\"aahn8-0-0\">\n<div class=\"xdj266r x11i5rnm xat24cr x1mh8g0r x1vvkbs x126k92a\">\n<p dir=\"auto\">Gioved\u00ec 19 giugno diamo il via a tre serate dedicate alla musica con altrettanti concerti proposti dal Museo Diocesano insieme a Istituto diocesano di Musica Sacra e Liturgica &#8220;E. Dalla Libera&#8221; di Vicenza.<\/p>\n<p dir=\"auto\">Il 19 giugno, anticipando la festa europea della musica, aprir\u00e0 la rassegna ENSEMBLE LA ROSE; il 3 luglio sar\u00e0 la volta di ALICE FRACCARI (soprano) e ENRICO BISSOLO (clavicembalo); si chiuder\u00e0 gioved\u00ec 17 luglio con VICENZA BRASS QUINTET.<\/p>\n<p dir=\"auto\">Qualche novit\u00e0 rispetto all&#8217;edizione passata c&#8217;\u00e8: la pi\u00f9 simpatica \u00e8 che la prima serata sar\u00e0 &#8220;bagnata&#8221; da un aperitivo di benvenuto a partire dalle ore 20.<\/p>\n<p dir=\"auto\">Non \u00e8 necessaria la prenotazione, anche se \u00e8 consigliata.<\/p>\n<p dir=\"auto\">VIVA LA MUSICA!<span class=\"html-span xexx8yu xyri2b x18d9i69 x1c1uobl x1hl2dhg x16tdsg8 x1vvkbs x3nfvp2 x1j61x8r x1fcty0u xdj266r xat24cr xm2jcoa x1mpyi22 xxymvpz xlup9mm x1kky2od\"><img loading=\"lazy\" class=\"xz74otr x15mokao x1ga7v0g x16uus16 xbiv7yw\" src=\"https:\/\/static.xx.fbcdn.net\/images\/emoji.php\/v9\/t4b\/1\/16\/1f3bb.png\" alt=\"&#x1f3bb;\" width=\"16\" height=\"16\" \/><\/span><span class=\"html-span xexx8yu xyri2b x18d9i69 x1c1uobl x1hl2dhg x16tdsg8 x1vvkbs x3nfvp2 x1j61x8r x1fcty0u xdj266r xat24cr xm2jcoa x1mpyi22 xxymvpz xlup9mm x1kky2od\"><img loading=\"lazy\" class=\"xz74otr x15mokao x1ga7v0g x16uus16 xbiv7yw\" src=\"https:\/\/static.xx.fbcdn.net\/images\/emoji.php\/v9\/tcc\/1\/16\/1f3bc.png\" alt=\"&#x1f3bc;\" width=\"16\" height=\"16\" \/><\/span><\/p>\n<p>&nbsp;<\/p>\n<p>&nbsp;<\/p>\n<p><img loading=\"lazy\" class=\"alignnone size-medium wp-image-3135\" src=\"http:\/\/www2.museodiocesanovicenza.it\/it\/wp-content\/uploads\/2025\/06\/LOGGIA_IN_MUSICA_2025_3-213x300.jpg\" alt=\"\" width=\"213\" height=\"300\" srcset=\"http:\/\/www2.museodiocesanovicenza.it\/it\/wp-content\/uploads\/2025\/06\/LOGGIA_IN_MUSICA_2025_3-213x300.jpg 213w, http:\/\/www2.museodiocesanovicenza.it\/it\/wp-content\/uploads\/2025\/06\/LOGGIA_IN_MUSICA_2025_3-726x1024.jpg 726w, http:\/\/www2.museodiocesanovicenza.it\/it\/wp-content\/uploads\/2025\/06\/LOGGIA_IN_MUSICA_2025_3-768x1083.jpg 768w, http:\/\/www2.museodiocesanovicenza.it\/it\/wp-content\/uploads\/2025\/06\/LOGGIA_IN_MUSICA_2025_3-1090x1536.jpg 1090w, http:\/\/www2.museodiocesanovicenza.it\/it\/wp-content\/uploads\/2025\/06\/LOGGIA_IN_MUSICA_2025_3-1453x2048.jpg 1453w, http:\/\/www2.museodiocesanovicenza.it\/it\/wp-content\/uploads\/2025\/06\/LOGGIA_IN_MUSICA_2025_3-scaled.jpg 1348w\" sizes=\"(max-width: 213px) 100vw, 213px\" \/><\/p>\n<\/div>\n<\/div>\n<\/div>\n<\/div>\n<\/div>\n<\/div>\n<\/div>\n<\/div>\n<\/div>\n<\/div>\n","protected":false},"excerpt":{"rendered":"<p>Torna l&#8217;appuntamento musicale organizzato davanti alla straordinaria Loggia Zeno nel chiostro del Palazzo Vescovile.<\/p>\n<a class=\"more-link\" href=\"http:\/\/www2.museodiocesanovicenza.it\/it\/2025\/06\/11\/3134\/\">Leggi tutto<\/a>","protected":false},"author":4,"featured_media":0,"comment_status":"closed","ping_status":"open","sticky":false,"template":"","format":"standard","meta":{"extendify_custom_stylesheet":"","spay_email":"","jetpack_publicize_message":"","jetpack_is_tweetstorm":false,"jetpack_publicize_feature_enabled":true},"categories":[1],"tags":[],"jetpack_featured_media_url":"","jetpack_publicize_connections":[],"jetpack_sharing_enabled":true,"jetpack_shortlink":"https:\/\/wp.me\/s7CokG-3134","_links":{"self":[{"href":"http:\/\/www2.museodiocesanovicenza.it\/it\/wp-json\/wp\/v2\/posts\/3134"}],"collection":[{"href":"http:\/\/www2.museodiocesanovicenza.it\/it\/wp-json\/wp\/v2\/posts"}],"about":[{"href":"http:\/\/www2.museodiocesanovicenza.it\/it\/wp-json\/wp\/v2\/types\/post"}],"author":[{"embeddable":true,"href":"http:\/\/www2.museodiocesanovicenza.it\/it\/wp-json\/wp\/v2\/users\/4"}],"replies":[{"embeddable":true,"href":"http:\/\/www2.museodiocesanovicenza.it\/it\/wp-json\/wp\/v2\/comments?post=3134"}],"version-history":[{"count":2,"href":"http:\/\/www2.museodiocesanovicenza.it\/it\/wp-json\/wp\/v2\/posts\/3134\/revisions"}],"predecessor-version":[{"id":3137,"href":"http:\/\/www2.museodiocesanovicenza.it\/it\/wp-json\/wp\/v2\/posts\/3134\/revisions\/3137"}],"wp:attachment":[{"href":"http:\/\/www2.museodiocesanovicenza.it\/it\/wp-json\/wp\/v2\/media?parent=3134"}],"wp:term":[{"taxonomy":"category","embeddable":true,"href":"http:\/\/www2.museodiocesanovicenza.it\/it\/wp-json\/wp\/v2\/categories?post=3134"},{"taxonomy":"post_tag","embeddable":true,"href":"http:\/\/www2.museodiocesanovicenza.it\/it\/wp-json\/wp\/v2\/tags?post=3134"}],"curies":[{"name":"wp","href":"https:\/\/api.w.org\/{rel}","templated":true}]}}