{"id":3196,"date":"2025-10-06T10:34:38","date_gmt":"2025-10-06T08:34:38","guid":{"rendered":"http:\/\/www2.museodiocesanovicenza.it\/it\/?p=3196"},"modified":"2025-10-06T10:40:42","modified_gmt":"2025-10-06T08:40:42","slug":"giornata-nazionale-delle-famiglie-al-museo-2","status":"publish","type":"post","link":"http:\/\/www2.museodiocesanovicenza.it\/it\/2025\/10\/06\/giornata-nazionale-delle-famiglie-al-museo-2\/","title":{"rendered":"Giornata Nazionale delle Famiglie al Museo"},"content":{"rendered":"<p>Torna l&#8217;appuntamento con le famiglie proposto dai musei cittadini.<!--more--><\/p>\n<div class=\"\" data-block=\"true\" data-editor=\"ab8qh\" data-offset-key=\"9vebi-0-0\">\n<div class=\"\" data-block=\"true\" data-editor=\"3h9pg\" data-offset-key=\"25ufr-0-0\">\n<div class=\"_1mf _1mj\" data-offset-key=\"25ufr-0-0\">\n<div class=\"x11i5rnm xat24cr x1mh8g0r x1vvkbs xtlvy1s x126k92a\">\n<div class=\"x11i5rnm xat24cr x1mh8g0r x1vvkbs xtlvy1s x126k92a\">\n<div class=\"xdj266r x11i5rnm xat24cr x1mh8g0r x1vvkbs x126k92a\">\n<div class=\"x11i5rnm xat24cr x1mh8g0r x1vvkbs xtlvy1s x126k92a\">\n<div class=\"\" data-block=\"true\" data-editor=\"1prkm\" data-offset-key=\"aahn8-0-0\">\n<div class=\"_1mf _1mj\" data-offset-key=\"aahn8-0-0\">\n<div class=\"xdj266r x11i5rnm xat24cr x1mh8g0r x1vvkbs x126k92a\">\n<div class=\"x14z9mp xat24cr x1lziwak x1vvkbs xtlvy1s x126k92a\">\n<p class=\"x14z9mp xat24cr x1lziwak x1vvkbs xtlvy1s x126k92a\">Vicenza aderisce con sei istituzioni museali che aprono le porte ai bambini e alle loro famiglie per un\u2019avvincente caccia al tesoro sul tema dell\u2019ecologia. L\u2019iniziativa \u00e8 promossa ogni anno dall\u2019associazione F@Mu con il patrocinio del Ministero della Cultura, per dare l&#8217;opportunit\u00e0 ai pi\u00f9 giovani di conoscere i beni culturali all&#8217;interno dei musei e dei monumenti.<\/p>\n<p dir=\"auto\">L&#8217;edizione di quest&#8217;anno, dal titolo \u201cAmbientateVi al Museo\u201d, punta, attraverso semplici attivit\u00e0 ludiche proposte da ogni museo, ad approfondire il tema dell\u2019ambiente e della sua salvaguardia, con particolare attenzione alla parola chiave: ECOLOGIA.<\/p>\n<p dir=\"auto\">L\u2019iniziativa \u00e8 organizzata dall&#8217;Assessorato alla cultura, al turismo e all&#8217;attrattivit\u00e0 del Comune di Vicenza assieme ai partner del circuito museale cittadino: Museo Diocesano, Musei Civici di Vicenza, Museo del Gioiello, Palladio Museum e Intesa Sanpaolo con le Gallerie d&#8217;Italia \u2013 Vicenza, con la collaborazione della Cooperativa Sociale Scatola Cultura.<\/p>\n<p class=\"x14z9mp xat24cr x1lziwak x1vvkbs xtlvy1s x126k92a\">La partecipazione \u00e8 gratuita e rivolta a gruppi familiari composti da un massimo di due adulti e quattro bambini, di et\u00e0 compresa tra i 5 e i 12 anni. Ogni squadra ricever\u00e0 un kit gioco, utile per seguire il percorso e annotare le prove superate, che potr\u00e0 essere ritirato domenica tra le 10 e le 17 nel primo museo visitato. L\u2019accesso ai musei aderenti all\u2019iniziativa sar\u00e0 consentito fino alle ore 16,30.<\/p>\n<p dir=\"auto\">\n<\/div>\n<div dir=\"auto\"><\/div>\n<\/div>\n<\/div>\n<\/div>\n<\/div>\n<\/div>\n<\/div>\n<\/div>\n<\/div>\n<p><img loading=\"lazy\" class=\"alignnone size-medium wp-image-3197\" src=\"http:\/\/www2.museodiocesanovicenza.it\/it\/wp-content\/uploads\/2025\/10\/Post-Social-2025-240x300.jpg\" alt=\"\" width=\"240\" height=\"300\" srcset=\"http:\/\/www2.museodiocesanovicenza.it\/it\/wp-content\/uploads\/2025\/10\/Post-Social-2025-240x300.jpg 240w, http:\/\/www2.museodiocesanovicenza.it\/it\/wp-content\/uploads\/2025\/10\/Post-Social-2025-819x1024.jpg 819w, http:\/\/www2.museodiocesanovicenza.it\/it\/wp-content\/uploads\/2025\/10\/Post-Social-2025-768x960.jpg 768w, http:\/\/www2.museodiocesanovicenza.it\/it\/wp-content\/uploads\/2025\/10\/Post-Social-2025-1229x1536.jpg 1229w, http:\/\/www2.museodiocesanovicenza.it\/it\/wp-content\/uploads\/2025\/10\/Post-Social-2025-1638x2048.jpg 1638w, http:\/\/www2.museodiocesanovicenza.it\/it\/wp-content\/uploads\/2025\/10\/Post-Social-2025-scaled.jpg 1520w\" sizes=\"(max-width: 240px) 100vw, 240px\" \/><\/p>\n<\/div>\n<\/div>\n","protected":false},"excerpt":{"rendered":"<p>Torna l&#8217;appuntamento con le famiglie proposto dai musei cittadini.<\/p>\n<a class=\"more-link\" href=\"http:\/\/www2.museodiocesanovicenza.it\/it\/2025\/10\/06\/giornata-nazionale-delle-famiglie-al-museo-2\/\">Leggi tutto<\/a>","protected":false},"author":4,"featured_media":0,"comment_status":"closed","ping_status":"open","sticky":false,"template":"","format":"standard","meta":{"extendify_custom_stylesheet":"","spay_email":"","jetpack_publicize_message":"","jetpack_is_tweetstorm":false,"jetpack_publicize_feature_enabled":true},"categories":[1],"tags":[],"jetpack_featured_media_url":"","jetpack_publicize_connections":[],"jetpack_sharing_enabled":true,"jetpack_shortlink":"https:\/\/wp.me\/p7CokG-Py","_links":{"self":[{"href":"http:\/\/www2.museodiocesanovicenza.it\/it\/wp-json\/wp\/v2\/posts\/3196"}],"collection":[{"href":"http:\/\/www2.museodiocesanovicenza.it\/it\/wp-json\/wp\/v2\/posts"}],"about":[{"href":"http:\/\/www2.museodiocesanovicenza.it\/it\/wp-json\/wp\/v2\/types\/post"}],"author":[{"embeddable":true,"href":"http:\/\/www2.museodiocesanovicenza.it\/it\/wp-json\/wp\/v2\/users\/4"}],"replies":[{"embeddable":true,"href":"http:\/\/www2.museodiocesanovicenza.it\/it\/wp-json\/wp\/v2\/comments?post=3196"}],"version-history":[{"count":3,"href":"http:\/\/www2.museodiocesanovicenza.it\/it\/wp-json\/wp\/v2\/posts\/3196\/revisions"}],"predecessor-version":[{"id":3201,"href":"http:\/\/www2.museodiocesanovicenza.it\/it\/wp-json\/wp\/v2\/posts\/3196\/revisions\/3201"}],"wp:attachment":[{"href":"http:\/\/www2.museodiocesanovicenza.it\/it\/wp-json\/wp\/v2\/media?parent=3196"}],"wp:term":[{"taxonomy":"category","embeddable":true,"href":"http:\/\/www2.museodiocesanovicenza.it\/it\/wp-json\/wp\/v2\/categories?post=3196"},{"taxonomy":"post_tag","embeddable":true,"href":"http:\/\/www2.museodiocesanovicenza.it\/it\/wp-json\/wp\/v2\/tags?post=3196"}],"curies":[{"name":"wp","href":"https:\/\/api.w.org\/{rel}","templated":true}]}}