{"id":3219,"date":"2025-10-31T11:24:43","date_gmt":"2025-10-31T10:24:43","guid":{"rendered":"http:\/\/www2.museodiocesanovicenza.it\/it\/?p=3219"},"modified":"2025-10-31T11:24:43","modified_gmt":"2025-10-31T10:24:43","slug":"artis","status":"publish","type":"post","link":"http:\/\/www2.museodiocesanovicenza.it\/it\/2025\/10\/31\/artis\/","title":{"rendered":"ARTis"},"content":{"rendered":"<p>Il Festival dell&#8217;arte a Vicenza.<!--more--><\/p>\n<div class=\"\" data-block=\"true\" data-editor=\"ab8qh\" data-offset-key=\"9vebi-0-0\">\n<div class=\"\" data-block=\"true\" data-editor=\"3h9pg\" data-offset-key=\"25ufr-0-0\">\n<div class=\"_1mf _1mj\" data-offset-key=\"25ufr-0-0\">\n<div class=\"x11i5rnm xat24cr x1mh8g0r x1vvkbs xtlvy1s x126k92a\">\n<div class=\"x11i5rnm xat24cr x1mh8g0r x1vvkbs xtlvy1s x126k92a\">\n<div class=\"xdj266r x11i5rnm xat24cr x1mh8g0r x1vvkbs x126k92a\">\n<div class=\"x11i5rnm xat24cr x1mh8g0r x1vvkbs xtlvy1s x126k92a\">\n<div class=\"\" data-block=\"true\" data-editor=\"1prkm\" data-offset-key=\"aahn8-0-0\">\n<div class=\"_1mf _1mj\" data-offset-key=\"aahn8-0-0\">\n<div class=\"xdj266r x11i5rnm xat24cr x1mh8g0r x1vvkbs x126k92a\">\n<div class=\"x14z9mp xat24cr x1lziwak x1vvkbs xtlvy1s x126k92a\">\n<p class=\"x14z9mp xat24cr x1lziwak x1vvkbs xtlvy1s x126k92a\"><span style=\"font-size: 1rem;\">Da luned\u00ec 10 a domenica 16 novembre, nella nostra citt\u00e0, si svolger\u00e0 ARTis: una settimana di incontri, performance, workshop e laboratori che sveleranno il lato pi\u00f9 autentico dell&#8217;arte, quello che nasce dal dialogo, nella ricerca e nella vita quotidiana di chi crea.<\/span><\/p>\n<p>Uno degli obiettivi primari che il Festival si prefigge \u00e8 quello di coinvolgere i giovani, dall&#8217;et\u00e0 dell&#8217;infanzia sino alla piena adolescenza, in un percorso di esperienze e di confronti sui temi dell&#8217;arte.<\/p>\n<p>Anche il Museo Diocesano, come gli altri musei cittadini, \u00e8 coinvolto proponendo attivit\u00e0 didattiche rivolte alle scuole e alle famiglie, in collaborazione con il &#8220;Museo tattile Omero&#8221;, un museo dove tutto si pu\u00f2 toccare, autorevole punto di riferimento per l&#8217;accessibilit\u00e0 museale.<\/p>\n<p>Da luned\u00ec 10 a venerd\u00ec 14 novembre aspettiamo le scuole, dalla primaria alla secondaria, con attivit\u00e0 didattiche dedicate al ritratto, ai libri tattili, all&#8217;Africa e all&#8217;arte contemporanea (attivit\u00e0 gratuite su prenotazione).<\/p>\n<p>Sabato 15 e domenica 16 novembre, invece, accoglieremo le famiglie con due laboratori creativi sempre gratuiti su prenotazione:<\/p>\n<ul>\n<li>sabato 15 &#8220;Storie da toccare&#8221; &#8211; laboratorio creativo a cura del &#8220;Museo tattile Omero&#8221;<\/li>\n<li>domenica 16 &#8220;Re-Genesis7: escape room al Museo&#8221; &#8211; attivit\u00e0 e laboratorio a cura dei Servizi Educativi del Museo Diocesano<\/li>\n<\/ul>\n<p>&nbsp;<\/p>\n<\/div>\n<\/div>\n<\/div>\n<p><img loading=\"lazy\" class=\"alignnone size-medium wp-image-3220\" src=\"http:\/\/www2.museodiocesanovicenza.it\/it\/wp-content\/uploads\/2025\/10\/Immagine_ARTis_2025_-400x565-1-212x300.jpg\" alt=\"\" width=\"212\" height=\"300\" srcset=\"http:\/\/www2.museodiocesanovicenza.it\/it\/wp-content\/uploads\/2025\/10\/Immagine_ARTis_2025_-400x565-1-212x300.jpg 212w, http:\/\/www2.museodiocesanovicenza.it\/it\/wp-content\/uploads\/2025\/10\/Immagine_ARTis_2025_-400x565-1.jpg 400w\" sizes=\"(max-width: 212px) 100vw, 212px\" \/><\/p>\n<\/div>\n<\/div>\n<\/div>\n<\/div>\n<\/div>\n<\/div>\n<\/div>\n<\/div>\n","protected":false},"excerpt":{"rendered":"<p>Il Festival dell&#8217;arte a Vicenza.<\/p>\n<a class=\"more-link\" href=\"http:\/\/www2.museodiocesanovicenza.it\/it\/2025\/10\/31\/artis\/\">Leggi tutto<\/a>","protected":false},"author":4,"featured_media":0,"comment_status":"closed","ping_status":"open","sticky":false,"template":"","format":"standard","meta":{"extendify_custom_stylesheet":"","spay_email":"","jetpack_publicize_message":"","jetpack_is_tweetstorm":false,"jetpack_publicize_feature_enabled":true},"categories":[1],"tags":[],"jetpack_featured_media_url":"","jetpack_publicize_connections":[],"jetpack_sharing_enabled":true,"jetpack_shortlink":"https:\/\/wp.me\/s7CokG-artis","_links":{"self":[{"href":"http:\/\/www2.museodiocesanovicenza.it\/it\/wp-json\/wp\/v2\/posts\/3219"}],"collection":[{"href":"http:\/\/www2.museodiocesanovicenza.it\/it\/wp-json\/wp\/v2\/posts"}],"about":[{"href":"http:\/\/www2.museodiocesanovicenza.it\/it\/wp-json\/wp\/v2\/types\/post"}],"author":[{"embeddable":true,"href":"http:\/\/www2.museodiocesanovicenza.it\/it\/wp-json\/wp\/v2\/users\/4"}],"replies":[{"embeddable":true,"href":"http:\/\/www2.museodiocesanovicenza.it\/it\/wp-json\/wp\/v2\/comments?post=3219"}],"version-history":[{"count":1,"href":"http:\/\/www2.museodiocesanovicenza.it\/it\/wp-json\/wp\/v2\/posts\/3219\/revisions"}],"predecessor-version":[{"id":3221,"href":"http:\/\/www2.museodiocesanovicenza.it\/it\/wp-json\/wp\/v2\/posts\/3219\/revisions\/3221"}],"wp:attachment":[{"href":"http:\/\/www2.museodiocesanovicenza.it\/it\/wp-json\/wp\/v2\/media?parent=3219"}],"wp:term":[{"taxonomy":"category","embeddable":true,"href":"http:\/\/www2.museodiocesanovicenza.it\/it\/wp-json\/wp\/v2\/categories?post=3219"},{"taxonomy":"post_tag","embeddable":true,"href":"http:\/\/www2.museodiocesanovicenza.it\/it\/wp-json\/wp\/v2\/tags?post=3219"}],"curies":[{"name":"wp","href":"https:\/\/api.w.org\/{rel}","templated":true}]}}