{"id":3232,"date":"2025-11-17T09:55:20","date_gmt":"2025-11-17T08:55:20","guid":{"rendered":"http:\/\/www2.museodiocesanovicenza.it\/it\/?p=3232"},"modified":"2025-11-17T10:02:12","modified_gmt":"2025-11-17T09:02:12","slug":"tanti-auguri-da-2","status":"publish","type":"post","link":"http:\/\/www2.museodiocesanovicenza.it\/it\/2025\/11\/17\/tanti-auguri-da-2\/","title":{"rendered":"TANTI AUGURI DA&#8230;"},"content":{"rendered":"<p>Laboratori creativi per adulti dedicati al Natale.<!--more--><\/p>\n<div class=\"\" data-block=\"true\" data-editor=\"ab8qh\" data-offset-key=\"9vebi-0-0\">\n<div class=\"\" data-block=\"true\" data-editor=\"3h9pg\" data-offset-key=\"25ufr-0-0\">\n<div class=\"_1mf _1mj\" data-offset-key=\"25ufr-0-0\">\n<div class=\"x11i5rnm xat24cr x1mh8g0r x1vvkbs xtlvy1s x126k92a\">\n<div class=\"x11i5rnm xat24cr x1mh8g0r x1vvkbs xtlvy1s x126k92a\">\n<div class=\"xdj266r x11i5rnm xat24cr x1mh8g0r x1vvkbs x126k92a\">\n<div class=\"x11i5rnm xat24cr x1mh8g0r x1vvkbs xtlvy1s x126k92a\">\n<div class=\"\" data-block=\"true\" data-editor=\"1prkm\" data-offset-key=\"aahn8-0-0\">\n<div class=\"_1mf _1mj\" data-offset-key=\"aahn8-0-0\">\n<div class=\"xdj266r x11i5rnm xat24cr x1mh8g0r x1vvkbs x126k92a\">\n<div class=\"x14z9mp xat24cr x1lziwak x1vvkbs xtlvy1s x126k92a\">\n<p class=\"xdj266r x14z9mp xat24cr x1lziwak x1vvkbs x126k92a\">Visto il successo dell&#8217;anno scorso, torniamo a proporre un laboratorio creativo dedicato agli adulti per avvicinarci al Natale.<\/p>\n<p dir=\"auto\">&#8220;Tanti auguri da&#8230;&#8221; \u00e8 un&#8217;attivit\u00e0 pensata per i pi\u00f9 grandi per sperimentare creativit\u00e0 e fantasia, il tutto immerso in una dolce atmosfera natalizia.<\/p>\n<p dir=\"auto\">GIOVED\u00ec 27 NOVEMBRE e VENERD\u00ec 5 DICEMBRE (ore 9,30-11,30) vi aspettiamo al Museo Diocesano per elaborare i vostri biglietti di auguri natalizi personalizzati.<\/p>\n<p class=\"x14z9mp xat24cr x1lziwak x1vvkbs xtlvy1s x126k92a\">Il laboratorio \u00e8 su prenotazione.<\/p>\n<p class=\"x14z9mp xat24cr x1lziwak x1vvkbs xtlvy1s x126k92a\">Per info e prenotazioni: 0444226400 &#8211; museo@diocesi.vicenza.it<\/p>\n<p>&nbsp;<\/p>\n<\/div>\n<\/div>\n<\/div>\n<p><img loading=\"lazy\" class=\"alignnone size-medium wp-image-3233\" src=\"http:\/\/www2.museodiocesanovicenza.it\/it\/wp-content\/uploads\/2025\/11\/locandina_tantiaugurida-300x300.jpg\" alt=\"\" width=\"300\" height=\"300\" srcset=\"http:\/\/www2.museodiocesanovicenza.it\/it\/wp-content\/uploads\/2025\/11\/locandina_tantiaugurida-300x300.jpg 300w, http:\/\/www2.museodiocesanovicenza.it\/it\/wp-content\/uploads\/2025\/11\/locandina_tantiaugurida-1024x1024.jpg 1024w, http:\/\/www2.museodiocesanovicenza.it\/it\/wp-content\/uploads\/2025\/11\/locandina_tantiaugurida-150x150.jpg 150w, http:\/\/www2.museodiocesanovicenza.it\/it\/wp-content\/uploads\/2025\/11\/locandina_tantiaugurida-768x768.jpg 768w, http:\/\/www2.museodiocesanovicenza.it\/it\/wp-content\/uploads\/2025\/11\/locandina_tantiaugurida-1536x1536.jpg 1536w, http:\/\/www2.museodiocesanovicenza.it\/it\/wp-content\/uploads\/2025\/11\/locandina_tantiaugurida-2048x2048.jpg 2048w, http:\/\/www2.museodiocesanovicenza.it\/it\/wp-content\/uploads\/2025\/11\/locandina_tantiaugurida-scaled.jpg 1900w\" sizes=\"(max-width: 300px) 100vw, 300px\" \/><\/p>\n<\/div>\n<\/div>\n<\/div>\n<\/div>\n<\/div>\n<\/div>\n<\/div>\n<\/div>\n","protected":false},"excerpt":{"rendered":"<p>Laboratori creativi per adulti dedicati al Natale.<\/p>\n<a class=\"more-link\" href=\"http:\/\/www2.museodiocesanovicenza.it\/it\/2025\/11\/17\/tanti-auguri-da-2\/\">Leggi tutto<\/a>","protected":false},"author":4,"featured_media":0,"comment_status":"closed","ping_status":"open","sticky":false,"template":"","format":"standard","meta":{"extendify_custom_stylesheet":"","spay_email":"","jetpack_publicize_message":"","jetpack_is_tweetstorm":false,"jetpack_publicize_feature_enabled":true},"categories":[1],"tags":[],"jetpack_featured_media_url":"","jetpack_publicize_connections":[],"jetpack_sharing_enabled":true,"jetpack_shortlink":"https:\/\/wp.me\/p7CokG-Q8","_links":{"self":[{"href":"http:\/\/www2.museodiocesanovicenza.it\/it\/wp-json\/wp\/v2\/posts\/3232"}],"collection":[{"href":"http:\/\/www2.museodiocesanovicenza.it\/it\/wp-json\/wp\/v2\/posts"}],"about":[{"href":"http:\/\/www2.museodiocesanovicenza.it\/it\/wp-json\/wp\/v2\/types\/post"}],"author":[{"embeddable":true,"href":"http:\/\/www2.museodiocesanovicenza.it\/it\/wp-json\/wp\/v2\/users\/4"}],"replies":[{"embeddable":true,"href":"http:\/\/www2.museodiocesanovicenza.it\/it\/wp-json\/wp\/v2\/comments?post=3232"}],"version-history":[{"count":2,"href":"http:\/\/www2.museodiocesanovicenza.it\/it\/wp-json\/wp\/v2\/posts\/3232\/revisions"}],"predecessor-version":[{"id":3235,"href":"http:\/\/www2.museodiocesanovicenza.it\/it\/wp-json\/wp\/v2\/posts\/3232\/revisions\/3235"}],"wp:attachment":[{"href":"http:\/\/www2.museodiocesanovicenza.it\/it\/wp-json\/wp\/v2\/media?parent=3232"}],"wp:term":[{"taxonomy":"category","embeddable":true,"href":"http:\/\/www2.museodiocesanovicenza.it\/it\/wp-json\/wp\/v2\/categories?post=3232"},{"taxonomy":"post_tag","embeddable":true,"href":"http:\/\/www2.museodiocesanovicenza.it\/it\/wp-json\/wp\/v2\/tags?post=3232"}],"curies":[{"name":"wp","href":"https:\/\/api.w.org\/{rel}","templated":true}]}}