{"id":3261,"date":"2025-12-15T09:47:01","date_gmt":"2025-12-15T08:47:01","guid":{"rendered":"http:\/\/www2.museodiocesanovicenza.it\/it\/?p=3261"},"modified":"2025-12-15T09:47:01","modified_gmt":"2025-12-15T08:47:01","slug":"famiglie-al-museo-4","status":"publish","type":"post","link":"http:\/\/www2.museodiocesanovicenza.it\/it\/2025\/12\/15\/famiglie-al-museo-4\/","title":{"rendered":"FAMIGLIE AL MUSEO"},"content":{"rendered":"<p>&#8220;Canto di Natale&#8221; di Charles Dickens.<!--more--><\/p>\n<div class=\"\" data-block=\"true\" data-editor=\"ab8qh\" data-offset-key=\"9vebi-0-0\">\n<div class=\"\" data-block=\"true\" data-editor=\"3h9pg\" data-offset-key=\"25ufr-0-0\">\n<div class=\"_1mf _1mj\" data-offset-key=\"25ufr-0-0\">\n<div class=\"x11i5rnm xat24cr x1mh8g0r x1vvkbs xtlvy1s x126k92a\">\n<div class=\"x11i5rnm xat24cr x1mh8g0r x1vvkbs xtlvy1s x126k92a\">\n<div class=\"xdj266r x11i5rnm xat24cr x1mh8g0r x1vvkbs x126k92a\">\n<div class=\"x11i5rnm xat24cr x1mh8g0r x1vvkbs xtlvy1s x126k92a\">\n<div class=\"\" data-block=\"true\" data-editor=\"1prkm\" data-offset-key=\"aahn8-0-0\">\n<div class=\"_1mf _1mj\" data-offset-key=\"aahn8-0-0\">\n<p dir=\"auto\">Per Natale abbiamo pensato di fare un regalo a tutte le famiglie che partecipano alle nostre attivit\u00e0, un regalo suggestivo e emozionante, un racconto che entra nell&#8217;immaginario e ci commuove sempre.<\/p>\n<p dir=\"auto\">Domenica 21 dicembre (ore 15), l&#8217;attrice Stefania Carlesso ci accompagner\u00e0 a scoprire questa storia tra le pi\u00f9 famose dedicate al Natale con una lettura scenica a cui seguir\u00e0 un laboratorio creativo che coinvolger\u00e0 sia i bambini che gli adulti.<\/p>\n<p dir=\"auto\">Per cui, non perdetevi questa attivit\u00e0 e prenotatevi. L&#8217;evento \u00e8 dedicato alle famiglie con bambini\/ragazzi dai 5 ai 10 anni. Ingresso gratuito con prenotazione.<\/p>\n<p>&nbsp;<\/p>\n<p>&nbsp;<\/p>\n<\/div>\n<p><img loading=\"lazy\" class=\"alignnone size-medium wp-image-3262\" src=\"http:\/\/www2.museodiocesanovicenza.it\/it\/wp-content\/uploads\/2025\/12\/locandina_natale-300x300.jpg\" alt=\"\" width=\"300\" height=\"300\" srcset=\"http:\/\/www2.museodiocesanovicenza.it\/it\/wp-content\/uploads\/2025\/12\/locandina_natale-300x300.jpg 300w, http:\/\/www2.museodiocesanovicenza.it\/it\/wp-content\/uploads\/2025\/12\/locandina_natale-1024x1024.jpg 1024w, http:\/\/www2.museodiocesanovicenza.it\/it\/wp-content\/uploads\/2025\/12\/locandina_natale-150x150.jpg 150w, http:\/\/www2.museodiocesanovicenza.it\/it\/wp-content\/uploads\/2025\/12\/locandina_natale-768x768.jpg 768w, http:\/\/www2.museodiocesanovicenza.it\/it\/wp-content\/uploads\/2025\/12\/locandina_natale-1536x1536.jpg 1536w, http:\/\/www2.museodiocesanovicenza.it\/it\/wp-content\/uploads\/2025\/12\/locandina_natale-scaled.jpg 1900w\" sizes=\"(max-width: 300px) 100vw, 300px\" \/><\/p>\n<\/div>\n<\/div>\n<\/div>\n<\/div>\n<\/div>\n<\/div>\n<\/div>\n<\/div>\n","protected":false},"excerpt":{"rendered":"<p>&#8220;Canto di Natale&#8221; di Charles Dickens.<\/p>\n<a class=\"more-link\" href=\"http:\/\/www2.museodiocesanovicenza.it\/it\/2025\/12\/15\/famiglie-al-museo-4\/\">Leggi tutto<\/a>","protected":false},"author":4,"featured_media":0,"comment_status":"closed","ping_status":"open","sticky":false,"template":"","format":"standard","meta":{"extendify_custom_stylesheet":"","spay_email":"","jetpack_publicize_message":"","jetpack_is_tweetstorm":false,"jetpack_publicize_feature_enabled":true},"categories":[1],"tags":[],"jetpack_featured_media_url":"","jetpack_publicize_connections":[],"jetpack_sharing_enabled":true,"jetpack_shortlink":"https:\/\/wp.me\/p7CokG-QB","_links":{"self":[{"href":"http:\/\/www2.museodiocesanovicenza.it\/it\/wp-json\/wp\/v2\/posts\/3261"}],"collection":[{"href":"http:\/\/www2.museodiocesanovicenza.it\/it\/wp-json\/wp\/v2\/posts"}],"about":[{"href":"http:\/\/www2.museodiocesanovicenza.it\/it\/wp-json\/wp\/v2\/types\/post"}],"author":[{"embeddable":true,"href":"http:\/\/www2.museodiocesanovicenza.it\/it\/wp-json\/wp\/v2\/users\/4"}],"replies":[{"embeddable":true,"href":"http:\/\/www2.museodiocesanovicenza.it\/it\/wp-json\/wp\/v2\/comments?post=3261"}],"version-history":[{"count":1,"href":"http:\/\/www2.museodiocesanovicenza.it\/it\/wp-json\/wp\/v2\/posts\/3261\/revisions"}],"predecessor-version":[{"id":3263,"href":"http:\/\/www2.museodiocesanovicenza.it\/it\/wp-json\/wp\/v2\/posts\/3261\/revisions\/3263"}],"wp:attachment":[{"href":"http:\/\/www2.museodiocesanovicenza.it\/it\/wp-json\/wp\/v2\/media?parent=3261"}],"wp:term":[{"taxonomy":"category","embeddable":true,"href":"http:\/\/www2.museodiocesanovicenza.it\/it\/wp-json\/wp\/v2\/categories?post=3261"},{"taxonomy":"post_tag","embeddable":true,"href":"http:\/\/www2.museodiocesanovicenza.it\/it\/wp-json\/wp\/v2\/tags?post=3261"}],"curies":[{"name":"wp","href":"https:\/\/api.w.org\/{rel}","templated":true}]}}