{"id":3296,"date":"2026-01-20T11:22:26","date_gmt":"2026-01-20T10:22:26","guid":{"rendered":"http:\/\/www2.museodiocesanovicenza.it\/it\/?p=3296"},"modified":"2026-01-20T11:32:52","modified_gmt":"2026-01-20T10:32:52","slug":"famiglie-al-museo-5","status":"publish","type":"post","link":"http:\/\/www2.museodiocesanovicenza.it\/it\/2026\/01\/20\/famiglie-al-museo-5\/","title":{"rendered":"FAMIGLIE AL MUSEO"},"content":{"rendered":"<p>Il Maxi ingorgo: uff&#8230; che traffico!<!--more--><\/p>\n<div class=\"\" data-block=\"true\" data-editor=\"ab8qh\" data-offset-key=\"9vebi-0-0\">\n<div class=\"\" data-block=\"true\" data-editor=\"3h9pg\" data-offset-key=\"25ufr-0-0\">\n<div class=\"_1mf _1mj\" data-offset-key=\"25ufr-0-0\">\n<div class=\"x11i5rnm xat24cr x1mh8g0r x1vvkbs xtlvy1s x126k92a\">\n<div class=\"x11i5rnm xat24cr x1mh8g0r x1vvkbs xtlvy1s x126k92a\">\n<div class=\"xdj266r x11i5rnm xat24cr x1mh8g0r x1vvkbs x126k92a\">\n<div class=\"x11i5rnm xat24cr x1mh8g0r x1vvkbs xtlvy1s x126k92a\">\n<div class=\"\" data-block=\"true\" data-editor=\"1prkm\" data-offset-key=\"aahn8-0-0\">\n<div class=\"_1mf _1mj\" data-offset-key=\"aahn8-0-0\">\n<p class=\"xdj266r x14z9mp xat24cr x1lziwak x1vvkbs x126k92a\">Conoscete Herv\u00e9 Tullet?\u00c8 un artista francese e autore amatissimo dai bambini che, con le sue idee semplici e geniali, incoraggia la creativit\u00e0 libera. Al centro c\u2019\u00e8 l\u2019importanza del gesto creativo, dell\u2019azione, dell\u2019esperienza diretta: la parola d\u2019ordine \u00e8 FARE. Niente modelli da copiare, nessun risultato \u201cgiusto\u201d, solo libert\u00e0 di esprimersi!<\/p>\n<p class=\"xdj266r x14z9mp xat24cr x1lziwak x1vvkbs x126k92a\">Le sue attivit\u00e0 e i suoi laboratori trasformano ogni bambino in un piccolo artista, senza regole rigide, ma con tanta immaginazione e divertimento.<\/p>\n<p dir=\"auto\">Quest\u2019anno abbiamo scelto di promuovere le creazioni di Herv\u00e9 Tullet, perch\u00e9 crediamo in un\u2019arte accessibile, giocosa e capace di coinvolgere tutti!<\/p>\n<p dir=\"auto\">Per il prossimo appuntamento di FAMIGLIE AL MUSEO, domenica 25 gennaio ci sar\u00e0 il laboratorio IL MAXI INGORGO: le strade si popolano di case, alberi, macchine e persone, dando vita a un grande paesaggio immaginario collettivo, dinamico e sorprendente.<\/p>\n<p dir=\"auto\">La merenda sar\u00e0 gentilmente messa a disposizione da Centrale del Latte di Vicenza.<\/p>\n<p class=\"x14z9mp xat24cr x1lziwak x1vvkbs xtlvy1s x126k92a\">Non mancate: l\u2019ingorgo pi\u00f9 creativo dell\u2019anno vi aspetta! <span class=\"html-span xexx8yu xyri2b x18d9i69 x1c1uobl x1hl2dhg x16tdsg8 x1vvkbs x3nfvp2 x1j61x8r x1fcty0u xdj266r xat24cr xm2jcoa x1mpyi22 xxymvpz xlup9mm x1kky2od\"><img loading=\"lazy\" class=\"xz74otr x15mokao x1ga7v0g x16uus16 xbiv7yw\" src=\"https:\/\/static.xx.fbcdn.net\/images\/emoji.php\/v9\/tec\/1\/16\/1f697.png\" alt=\"&#x1f697;\" width=\"16\" height=\"16\" \/><\/span><span class=\"html-span xexx8yu xyri2b x18d9i69 x1c1uobl x1hl2dhg x16tdsg8 x1vvkbs x3nfvp2 x1j61x8r x1fcty0u xdj266r xat24cr xm2jcoa x1mpyi22 xxymvpz xlup9mm x1kky2od\"><img loading=\"lazy\" class=\"xz74otr x15mokao x1ga7v0g x16uus16 xbiv7yw\" src=\"https:\/\/static.xx.fbcdn.net\/images\/emoji.php\/v9\/t40\/1\/16\/1f4a5.png\" alt=\"&#x1f4a5;\" width=\"16\" height=\"16\" \/><\/span>Per info: 0444226400 &#8211; museo@diocesi.vicenza.it<\/p>\n<p>&nbsp;<\/p>\n<p><img loading=\"lazy\" class=\"alignnone size-medium wp-image-3297\" src=\"http:\/\/www2.museodiocesanovicenza.it\/it\/wp-content\/uploads\/2026\/01\/famiglie_fr-289x300.jpg\" alt=\"\" width=\"289\" height=\"300\" srcset=\"http:\/\/www2.museodiocesanovicenza.it\/it\/wp-content\/uploads\/2026\/01\/famiglie_fr-289x300.jpg 289w, http:\/\/www2.museodiocesanovicenza.it\/it\/wp-content\/uploads\/2026\/01\/famiglie_fr-985x1024.jpg 985w, http:\/\/www2.museodiocesanovicenza.it\/it\/wp-content\/uploads\/2026\/01\/famiglie_fr-768x798.jpg 768w, http:\/\/www2.museodiocesanovicenza.it\/it\/wp-content\/uploads\/2026\/01\/famiglie_fr-1478x1536.jpg 1478w, http:\/\/www2.museodiocesanovicenza.it\/it\/wp-content\/uploads\/2026\/01\/famiglie_fr-1970x2048.jpg 1970w, http:\/\/www2.museodiocesanovicenza.it\/it\/wp-content\/uploads\/2026\/01\/famiglie_fr-scaled.jpg 1828w\" sizes=\"(max-width: 289px) 100vw, 289px\" \/><\/p>\n<\/div>\n<\/div>\n<\/div>\n<\/div>\n<\/div>\n<\/div>\n<\/div>\n<\/div>\n<\/div>\n","protected":false},"excerpt":{"rendered":"<p>Il Maxi ingorgo: uff&#8230; che traffico!<\/p>\n<a class=\"more-link\" href=\"http:\/\/www2.museodiocesanovicenza.it\/it\/2026\/01\/20\/famiglie-al-museo-5\/\">Leggi tutto<\/a>","protected":false},"author":4,"featured_media":0,"comment_status":"closed","ping_status":"open","sticky":false,"template":"","format":"standard","meta":{"extendify_custom_stylesheet":"","spay_email":"","jetpack_publicize_message":"","jetpack_is_tweetstorm":false,"jetpack_publicize_feature_enabled":true},"categories":[1],"tags":[],"jetpack_featured_media_url":"","jetpack_publicize_connections":[],"jetpack_sharing_enabled":true,"jetpack_shortlink":"https:\/\/wp.me\/p7CokG-Ra","_links":{"self":[{"href":"http:\/\/www2.museodiocesanovicenza.it\/it\/wp-json\/wp\/v2\/posts\/3296"}],"collection":[{"href":"http:\/\/www2.museodiocesanovicenza.it\/it\/wp-json\/wp\/v2\/posts"}],"about":[{"href":"http:\/\/www2.museodiocesanovicenza.it\/it\/wp-json\/wp\/v2\/types\/post"}],"author":[{"embeddable":true,"href":"http:\/\/www2.museodiocesanovicenza.it\/it\/wp-json\/wp\/v2\/users\/4"}],"replies":[{"embeddable":true,"href":"http:\/\/www2.museodiocesanovicenza.it\/it\/wp-json\/wp\/v2\/comments?post=3296"}],"version-history":[{"count":2,"href":"http:\/\/www2.museodiocesanovicenza.it\/it\/wp-json\/wp\/v2\/posts\/3296\/revisions"}],"predecessor-version":[{"id":3299,"href":"http:\/\/www2.museodiocesanovicenza.it\/it\/wp-json\/wp\/v2\/posts\/3296\/revisions\/3299"}],"wp:attachment":[{"href":"http:\/\/www2.museodiocesanovicenza.it\/it\/wp-json\/wp\/v2\/media?parent=3296"}],"wp:term":[{"taxonomy":"category","embeddable":true,"href":"http:\/\/www2.museodiocesanovicenza.it\/it\/wp-json\/wp\/v2\/categories?post=3296"},{"taxonomy":"post_tag","embeddable":true,"href":"http:\/\/www2.museodiocesanovicenza.it\/it\/wp-json\/wp\/v2\/tags?post=3296"}],"curies":[{"name":"wp","href":"https:\/\/api.w.org\/{rel}","templated":true}]}}