{"id":3300,"date":"2026-01-23T15:14:52","date_gmt":"2026-01-23T14:14:52","guid":{"rendered":"http:\/\/www2.museodiocesanovicenza.it\/it\/?p=3300"},"modified":"2026-01-23T15:15:47","modified_gmt":"2026-01-23T14:15:47","slug":"a-carnevale-il-museo-vale-2","status":"publish","type":"post","link":"http:\/\/www2.museodiocesanovicenza.it\/it\/2026\/01\/23\/a-carnevale-il-museo-vale-2\/","title":{"rendered":"A Carnevale al Museo vale!"},"content":{"rendered":"<p>Centro di Carnevale al Museo.<!--more--><\/p>\n<div class=\"\" data-block=\"true\" data-editor=\"ab8qh\" data-offset-key=\"9vebi-0-0\">\n<div class=\"\" data-block=\"true\" data-editor=\"3h9pg\" data-offset-key=\"25ufr-0-0\">\n<div class=\"_1mf _1mj\" data-offset-key=\"25ufr-0-0\">\n<div class=\"x11i5rnm xat24cr x1mh8g0r x1vvkbs xtlvy1s x126k92a\">\n<div class=\"x11i5rnm xat24cr x1mh8g0r x1vvkbs xtlvy1s x126k92a\">\n<div class=\"xdj266r x11i5rnm xat24cr x1mh8g0r x1vvkbs x126k92a\">\n<div class=\"x11i5rnm xat24cr x1mh8g0r x1vvkbs xtlvy1s x126k92a\">\n<div class=\"\" data-block=\"true\" data-editor=\"1prkm\" data-offset-key=\"aahn8-0-0\">\n<div class=\"_1mf _1mj\" data-offset-key=\"aahn8-0-0\">\n<p class=\"xdj266r x14z9mp xat24cr x1lziwak x1vvkbs x126k92a\">Tre giorni di vacanza a met\u00e0 febbraio&#8230; nella festa pi\u00f9 pazza ed amata che ci sia&#8230; i bambini sono a casa da scuola e non sapete cosa fare?<\/p>\n<p class=\"xdj266r x14z9mp xat24cr x1lziwak x1vvkbs x126k92a\">Ecco la soluzione: portateli al Museo Diocesano Vicenza\u00a0perch\u00e9 ci si diverte per davvero!!!<\/p>\n<p dir=\"auto\">Questa la ricetta: un kilo di colori, mezzo kilo di carte colorate e stoffe, un pizzico di fantasia, risate quanto basta, perch\u00e9\u2026\u00a0A CARNEVALE IL MUSEO VALE!<\/p>\n<p dir=\"auto\">Luned\u00ec 16, marted\u00ec 17 e mercoled\u00ec 18 febbraio, dalle ore 8 alle 16, ospitiamo al centro di carnevale bambini e ragazzi della Scuola primaria con giochi, laboratori, burattini, teatro, tanto divertimento e creativit\u00e0 a pi\u00f9 non posso.<\/p>\n<p class=\"x14z9mp xat24cr x1lziwak x1vvkbs xtlvy1s x126k92a\">Siete curiosi e volete saperne di pi\u00f9?<\/p>\n<p class=\"x14z9mp xat24cr x1lziwak x1vvkbs xtlvy1s x126k92a\">Chiamateci, i posti sono limitati.L\u2019attivit\u00e0 \u00e8 su prenotazione, al costo di \u20ac 20\/giorno, con la possibilit\u00e0 di iscriversi anche ad una sola giornata.<\/p>\n<p class=\"x14z9mp xat24cr x1lziwak x1vvkbs xtlvy1s x126k92a\">Info e prenotazioni: 0444226400 \u2013 museo@diocesi.vicenza.it<\/p>\n<p><img loading=\"lazy\" class=\"alignnone size-medium wp-image-3301\" src=\"http:\/\/www2.museodiocesanovicenza.it\/it\/wp-content\/uploads\/2026\/01\/locandina_centridicarnevale_2026_MDV-254x300.jpg\" alt=\"\" width=\"254\" height=\"300\" srcset=\"http:\/\/www2.museodiocesanovicenza.it\/it\/wp-content\/uploads\/2026\/01\/locandina_centridicarnevale_2026_MDV-254x300.jpg 254w, http:\/\/www2.museodiocesanovicenza.it\/it\/wp-content\/uploads\/2026\/01\/locandina_centridicarnevale_2026_MDV-866x1024.jpg 866w, http:\/\/www2.museodiocesanovicenza.it\/it\/wp-content\/uploads\/2026\/01\/locandina_centridicarnevale_2026_MDV-768x908.jpg 768w, http:\/\/www2.museodiocesanovicenza.it\/it\/wp-content\/uploads\/2026\/01\/locandina_centridicarnevale_2026_MDV-1300x1536.jpg 1300w, http:\/\/www2.museodiocesanovicenza.it\/it\/wp-content\/uploads\/2026\/01\/locandina_centridicarnevale_2026_MDV-1733x2048.jpg 1733w, http:\/\/www2.museodiocesanovicenza.it\/it\/wp-content\/uploads\/2026\/01\/locandina_centridicarnevale_2026_MDV-scaled.jpg 1608w\" sizes=\"(max-width: 254px) 100vw, 254px\" \/><\/p>\n<\/div>\n<\/div>\n<\/div>\n<\/div>\n<\/div>\n<\/div>\n<\/div>\n<\/div>\n<\/div>\n","protected":false},"excerpt":{"rendered":"<p>Centro di Carnevale al Museo.<\/p>\n<a class=\"more-link\" href=\"http:\/\/www2.museodiocesanovicenza.it\/it\/2026\/01\/23\/a-carnevale-il-museo-vale-2\/\">Leggi tutto<\/a>","protected":false},"author":4,"featured_media":0,"comment_status":"closed","ping_status":"open","sticky":false,"template":"","format":"standard","meta":{"extendify_custom_stylesheet":"","spay_email":"","jetpack_publicize_message":"","jetpack_is_tweetstorm":false,"jetpack_publicize_feature_enabled":true},"categories":[1],"tags":[],"jetpack_featured_media_url":"","jetpack_publicize_connections":[],"jetpack_sharing_enabled":true,"jetpack_shortlink":"https:\/\/wp.me\/p7CokG-Re","_links":{"self":[{"href":"http:\/\/www2.museodiocesanovicenza.it\/it\/wp-json\/wp\/v2\/posts\/3300"}],"collection":[{"href":"http:\/\/www2.museodiocesanovicenza.it\/it\/wp-json\/wp\/v2\/posts"}],"about":[{"href":"http:\/\/www2.museodiocesanovicenza.it\/it\/wp-json\/wp\/v2\/types\/post"}],"author":[{"embeddable":true,"href":"http:\/\/www2.museodiocesanovicenza.it\/it\/wp-json\/wp\/v2\/users\/4"}],"replies":[{"embeddable":true,"href":"http:\/\/www2.museodiocesanovicenza.it\/it\/wp-json\/wp\/v2\/comments?post=3300"}],"version-history":[{"count":3,"href":"http:\/\/www2.museodiocesanovicenza.it\/it\/wp-json\/wp\/v2\/posts\/3300\/revisions"}],"predecessor-version":[{"id":3304,"href":"http:\/\/www2.museodiocesanovicenza.it\/it\/wp-json\/wp\/v2\/posts\/3300\/revisions\/3304"}],"wp:attachment":[{"href":"http:\/\/www2.museodiocesanovicenza.it\/it\/wp-json\/wp\/v2\/media?parent=3300"}],"wp:term":[{"taxonomy":"category","embeddable":true,"href":"http:\/\/www2.museodiocesanovicenza.it\/it\/wp-json\/wp\/v2\/categories?post=3300"},{"taxonomy":"post_tag","embeddable":true,"href":"http:\/\/www2.museodiocesanovicenza.it\/it\/wp-json\/wp\/v2\/tags?post=3300"}],"curies":[{"name":"wp","href":"https:\/\/api.w.org\/{rel}","templated":true}]}}