{"id":3351,"date":"2026-03-17T12:38:14","date_gmt":"2026-03-17T11:38:14","guid":{"rendered":"http:\/\/www2.museodiocesanovicenza.it\/it\/?p=3351"},"modified":"2026-03-17T12:48:37","modified_gmt":"2026-03-17T11:48:37","slug":"famiglie-al-museo-6","status":"publish","type":"post","link":"http:\/\/www2.museodiocesanovicenza.it\/it\/2026\/03\/17\/famiglie-al-museo-6\/","title":{"rendered":"FAMIGLIE AL MUSEO"},"content":{"rendered":"<p>Il prato fiorito: bentornata primavera!<!--more--><\/p>\n<div class=\"\" data-block=\"true\" data-editor=\"ab8qh\" data-offset-key=\"9vebi-0-0\">\n<div class=\"\" data-block=\"true\" data-editor=\"3h9pg\" data-offset-key=\"25ufr-0-0\">\n<div class=\"_1mf _1mj\" data-offset-key=\"25ufr-0-0\">\n<div class=\"x11i5rnm xat24cr x1mh8g0r x1vvkbs xtlvy1s x126k92a\">\n<div class=\"x11i5rnm xat24cr x1mh8g0r x1vvkbs xtlvy1s x126k92a\">\n<div class=\"xdj266r x11i5rnm xat24cr x1mh8g0r x1vvkbs x126k92a\">\n<div class=\"x11i5rnm xat24cr x1mh8g0r x1vvkbs xtlvy1s x126k92a\">\n<div class=\"\" data-block=\"true\" data-editor=\"1prkm\" data-offset-key=\"aahn8-0-0\">\n<div class=\"_1mf _1mj\" data-offset-key=\"aahn8-0-0\">\n<p class=\"xdj266r x14z9mp xat24cr x1lziwak x1vvkbs x126k92a\">Una macchia&#8230; un punto piccolo&#8230; un cerchio grande&#8230; un altro punto graaaaandissimo&#8230; tanti puntini dentro ad un cerchio&#8230;\u00c8 primavera al Museo Diocesano!<\/p>\n<p class=\"xdj266r x14z9mp xat24cr x1lziwak x1vvkbs x126k92a\">Celebriamo il suo arrivo con uno dei pi\u00f9 iconici laboratori di Tullet Herv\u00e9 creando un fantastico &#8220;Prato fiorito&#8221;, un&#8217;opera d&#8217;arte collettiva piena di colori.<\/p>\n<p dir=\"auto\">Appuntamento DOMENICA 22 MARZO alle ore 15 al Museo Diocesano Vicenza.<\/p>\n<p dir=\"auto\">L&#8217;attivit\u00e0, inserita nella rassegna FAMIGLIE AL MUSEO, \u00e8 gratuita grazie al sostegno di Fondazione Giuseppe Roi ed \u00e8 rivolta alle famiglie con bambini dai 4 ai 10 anni.<\/p>\n<p dir=\"auto\">Una gustosa merenda per tutti i partecipanti sar\u00e0 offerta dalla Centrale del Latte di Vicenza.<\/p>\n<p class=\"x14z9mp xat24cr x1lziwak x1vvkbs xtlvy1s x126k92a\">Vi aspettiamo<\/p>\n<p class=\"x14z9mp xat24cr x1lziwak x1vvkbs xtlvy1s x126k92a\">!Per info e prenotazioni 0444226400 &#8211; museo@diocesi.vicenza.it<\/p>\n<p><img loading=\"lazy\" class=\"alignnone size-medium wp-image-3353\" src=\"http:\/\/www2.museodiocesanovicenza.it\/it\/wp-content\/uploads\/2026\/03\/original-E14D30F6-48A6-4163-8C7C-F3714284A24E_bassa-300x200.jpg\" alt=\"\" width=\"300\" height=\"200\" srcset=\"http:\/\/www2.museodiocesanovicenza.it\/it\/wp-content\/uploads\/2026\/03\/original-E14D30F6-48A6-4163-8C7C-F3714284A24E_bassa-300x200.jpg 300w, http:\/\/www2.museodiocesanovicenza.it\/it\/wp-content\/uploads\/2026\/03\/original-E14D30F6-48A6-4163-8C7C-F3714284A24E_bassa-1024x683.jpg 1024w, http:\/\/www2.museodiocesanovicenza.it\/it\/wp-content\/uploads\/2026\/03\/original-E14D30F6-48A6-4163-8C7C-F3714284A24E_bassa-768x512.jpg 768w, http:\/\/www2.museodiocesanovicenza.it\/it\/wp-content\/uploads\/2026\/03\/original-E14D30F6-48A6-4163-8C7C-F3714284A24E_bassa.jpg 1536w\" sizes=\"(max-width: 300px) 100vw, 300px\" \/><\/p>\n<\/div>\n<\/div>\n<\/div>\n<\/div>\n<\/div>\n<\/div>\n<\/div>\n<\/div>\n<\/div>\n","protected":false},"excerpt":{"rendered":"<p>Il prato fiorito: bentornata primavera!<\/p>\n<a class=\"more-link\" href=\"http:\/\/www2.museodiocesanovicenza.it\/it\/2026\/03\/17\/famiglie-al-museo-6\/\">Leggi tutto<\/a>","protected":false},"author":4,"featured_media":0,"comment_status":"closed","ping_status":"open","sticky":false,"template":"","format":"standard","meta":{"extendify_custom_stylesheet":"","spay_email":"","jetpack_publicize_message":"","jetpack_is_tweetstorm":false,"jetpack_publicize_feature_enabled":true},"categories":[1],"tags":[],"jetpack_featured_media_url":"","jetpack_publicize_connections":[],"jetpack_sharing_enabled":true,"jetpack_shortlink":"https:\/\/wp.me\/p7CokG-S3","_links":{"self":[{"href":"http:\/\/www2.museodiocesanovicenza.it\/it\/wp-json\/wp\/v2\/posts\/3351"}],"collection":[{"href":"http:\/\/www2.museodiocesanovicenza.it\/it\/wp-json\/wp\/v2\/posts"}],"about":[{"href":"http:\/\/www2.museodiocesanovicenza.it\/it\/wp-json\/wp\/v2\/types\/post"}],"author":[{"embeddable":true,"href":"http:\/\/www2.museodiocesanovicenza.it\/it\/wp-json\/wp\/v2\/users\/4"}],"replies":[{"embeddable":true,"href":"http:\/\/www2.museodiocesanovicenza.it\/it\/wp-json\/wp\/v2\/comments?post=3351"}],"version-history":[{"count":2,"href":"http:\/\/www2.museodiocesanovicenza.it\/it\/wp-json\/wp\/v2\/posts\/3351\/revisions"}],"predecessor-version":[{"id":3355,"href":"http:\/\/www2.museodiocesanovicenza.it\/it\/wp-json\/wp\/v2\/posts\/3351\/revisions\/3355"}],"wp:attachment":[{"href":"http:\/\/www2.museodiocesanovicenza.it\/it\/wp-json\/wp\/v2\/media?parent=3351"}],"wp:term":[{"taxonomy":"category","embeddable":true,"href":"http:\/\/www2.museodiocesanovicenza.it\/it\/wp-json\/wp\/v2\/categories?post=3351"},{"taxonomy":"post_tag","embeddable":true,"href":"http:\/\/www2.museodiocesanovicenza.it\/it\/wp-json\/wp\/v2\/tags?post=3351"}],"curies":[{"name":"wp","href":"https:\/\/api.w.org\/{rel}","templated":true}]}}